{"id":9417,"date":"2022-12-09T17:22:04","date_gmt":"2022-12-09T17:22:04","guid":{"rendered":"https:\/\/www.patutkd.org\/?p=9417"},"modified":"2025-08-29T18:36:17","modified_gmt":"2025-08-29T18:36:17","slug":"santiago-2023-pabellon-de-combate-presenta-36-de-avance-a-un-ano-de-los-panamericanos","status":"publish","type":"post","link":"https:\/\/www.patutkd.org\/en\/santiago-2023-pabellon-de-combate-presenta-36-de-avance-a-un-ano-de-los-panamericanos\/","title":{"rendered":"Santiago 2023: Pabell\u00f3n de Combate presenta 36% de avance a un a\u00f1o de los Panamericanos"},"content":{"rendered":"<p><strong>PATU Press.-<\/strong> El Pabell\u00f3n de Combate, sede del taekwondo de los Juegos Panamericanos Santiago 2023, presenta un 36% de avance en su construcci\u00f3n a un a\u00f1o del inicio de la fiesta deportiva de Am\u00e9rica que regresa a Chile.<\/p>\n\n\n\n<p>Mario Mandel, secretario general de la Uni\u00f3n Panamericana de Taekwondo, realiz\u00f3 este 1 de diciembre una inspecci\u00f3n por las instalaciones de la Corporaci\u00f3n Santiago 2023 en representaci\u00f3n del delegado t\u00e9cnico de la competencia, LAE. Juan Manuel L\u00f3pez Delgado, presidente de PATU, donde constat\u00f3 los avances de la sede, entre otros aspectos de orden log\u00edstico.<\/p>\n\n\n\n<figure class=\"wp-block-image size-large\"><img loading=\"lazy\" decoding=\"async\" width=\"819\" height=\"1024\" src=\"https:\/\/www.patutkd.org\/wp-content\/uploads\/2022\/12\/Foto-2-2-819x1024.jpg\" alt=\"\" class=\"wp-image-9419\" srcset=\"https:\/\/www.patutkd.org\/wp-content\/uploads\/2022\/12\/Foto-2-2-819x1024.jpg 819w, https:\/\/www.patutkd.org\/wp-content\/uploads\/2022\/12\/Foto-2-2-240x300.jpg 240w, https:\/\/www.patutkd.org\/wp-content\/uploads\/2022\/12\/Foto-2-2-768x960.jpg 768w, https:\/\/www.patutkd.org\/wp-content\/uploads\/2022\/12\/Foto-2-2-1229x1536.jpg 1229w, https:\/\/www.patutkd.org\/wp-content\/uploads\/2022\/12\/Foto-2-2-10x12.jpg 10w, https:\/\/www.patutkd.org\/wp-content\/uploads\/2022\/12\/Foto-2-2-340x425.jpg 340w, https:\/\/www.patutkd.org\/wp-content\/uploads\/2022\/12\/Foto-2-2-600x750.jpg 600w, https:\/\/www.patutkd.org\/wp-content\/uploads\/2022\/12\/Foto-2-2-604x755.jpg 604w, https:\/\/www.patutkd.org\/wp-content\/uploads\/2022\/12\/Foto-2-2-416x520.jpg 416w, https:\/\/www.patutkd.org\/wp-content\/uploads\/2022\/12\/Foto-2-2.jpg 1536w\" sizes=\"auto, (max-width: 819px) 100vw, 819px\" \/><figcaption><sub>Equipo de la Corporaci\u00f3n Santiago 2023 junto a PATU.<\/sub><\/figcaption><\/figure>\n\n\n\n<p>\u201cFue un d\u00eda muy productivo porque en el terreno pudimos constatar que a un a\u00f1o del desarrollo de los Juegos, el Pabell\u00f3n de Combate tiene un avance del 36% y se estima que aproximadamente est\u00e9 listo para mayo del a\u00f1o pr\u00f3ximo. Todo marcha en orden seg\u00fan la planificaci\u00f3n de esta sede donde competir\u00e1n los atletas de judo, karate y taekwondo, as\u00ed como los de para-judo y para-taekwondo\u201d.<\/p>\n\n\n\n<p>Mandel reiter\u00f3 que sostuvo reuniones con diversas \u00e1reas del Comit\u00e9 Organizador de Santiago 2023:<\/p>\n\n\n\n<p>\u201cAbordamos el tema del flujo de pasajeros, su llegada y salida al aeropuerto para facilitar el acceso a trav\u00e9s de la L\u00ednea Ol\u00edmpica, as\u00ed como con el \u00e1rea m\u00e9dica, d\u00f3nde vimos el equipamiento de ambulancias, flujos de evacuaci\u00f3n en caso de emergencias, revisamos los convenios con hospitales cercanos y toda el \u00e1rea m\u00e9dica que va a trabajar dentro del recinto\u201d.<\/p>\n\n\n\n<figure class=\"wp-block-image size-large\"><img loading=\"lazy\" decoding=\"async\" width=\"1024\" height=\"1024\" src=\"https:\/\/www.patutkd.org\/wp-content\/uploads\/2022\/12\/Foto-3-2-1024x1024.jpg\" alt=\"\" class=\"wp-image-9420\" srcset=\"https:\/\/www.patutkd.org\/wp-content\/uploads\/2022\/12\/Foto-3-2-1024x1024.jpg 1024w, https:\/\/www.patutkd.org\/wp-content\/uploads\/2022\/12\/Foto-3-2-300x300.jpg 300w, https:\/\/www.patutkd.org\/wp-content\/uploads\/2022\/12\/Foto-3-2-150x150.jpg 150w, https:\/\/www.patutkd.org\/wp-content\/uploads\/2022\/12\/Foto-3-2-768x768.jpg 768w, https:\/\/www.patutkd.org\/wp-content\/uploads\/2022\/12\/Foto-3-2-1536x1536.jpg 1536w, https:\/\/www.patutkd.org\/wp-content\/uploads\/2022\/12\/Foto-3-2-12x12.jpg 12w, https:\/\/www.patutkd.org\/wp-content\/uploads\/2022\/12\/Foto-3-2-340x340.jpg 340w, https:\/\/www.patutkd.org\/wp-content\/uploads\/2022\/12\/Foto-3-2-600x600.jpg 600w, https:\/\/www.patutkd.org\/wp-content\/uploads\/2022\/12\/Foto-3-2-100x100.jpg 100w, https:\/\/www.patutkd.org\/wp-content\/uploads\/2022\/12\/Foto-3-2-24x24.jpg 24w, https:\/\/www.patutkd.org\/wp-content\/uploads\/2022\/12\/Foto-3-2-48x48.jpg 48w, https:\/\/www.patutkd.org\/wp-content\/uploads\/2022\/12\/Foto-3-2-96x96.jpg 96w, https:\/\/www.patutkd.org\/wp-content\/uploads\/2022\/12\/Foto-3-2-492x492.jpg 492w, https:\/\/www.patutkd.org\/wp-content\/uploads\/2022\/12\/Foto-3-2-70x70.jpg 70w, https:\/\/www.patutkd.org\/wp-content\/uploads\/2022\/12\/Foto-3-2-755x755.jpg 755w, https:\/\/www.patutkd.org\/wp-content\/uploads\/2022\/12\/Foto-3-2-520x520.jpg 520w, https:\/\/www.patutkd.org\/wp-content\/uploads\/2022\/12\/Foto-3-2.jpg 1920w\" sizes=\"auto, (max-width: 1024px) 100vw, 1024px\" \/><figcaption><sup>Mario Mandel Secretario General de PATU, presente en el recorrido.<\/sup><\/figcaption><\/figure>\n\n\n\n<p>\u201cTambi\u00e9n pudimos conocer el tema del voluntariado y sus roles, el tema de hoteler\u00eda para los \u00e1rbitros, la Villa Ol\u00edmpica que se est\u00e1 construyendo para todas las delegaciones. As\u00ed mismo conocimos c\u00f3mo ser\u00eda el proceso de alimentaci\u00f3n dentro de la Villa Ol\u00edmpica y dentro de cada uno de los recintos. Tambi\u00e9n nos reunimos con gente de transporte, d\u00f3nde tomamos los tiempos de distancia desde los hoteles hasta el sitio de competencia, viendo los flujos de traslado de cada uno\u201d.<\/p>\n\n\n\n<p>R\u00edo de Janeiro, Brasil, ser\u00e1 la sede del torneo clasificatorio del taekwondo a los Juegos Panamericanos del pr\u00f3ximo a\u00f1o, del 21 al 22 de marzo de 2023.<\/p>\n\n\n\n<p>Las competencias de taekwondo en Santiago de Chile 2023 est\u00e1n pautadas de la siguiente manera:<\/p>\n\n\n\n<p>Kyorugui: 21-24 de octubre<\/p>\n\n\n\n<p>Poomsae: 21-22 de octubre Para-Taekwondo: 23-25 de noviembre<\/p>","protected":false},"excerpt":{"rendered":"<p>Prensa PATU.- El Pabell\u00f3n de Combate, sede del taekwondo de los Juegos Panamericanos Santiago 2023, presenta un 36% de avance en su construcci\u00f3n a un a\u00f1o del inicio de la fiesta deportiva de Am\u00e9rica que regresa a Chile. Mario Mandel, secretario general de la Uni\u00f3n Panamericana de Taekwondo, realiz\u00f3 este 1 de diciembre una inspecci\u00f3n por las instalaciones de la Corporaci\u00f3n Santiago 2023 en representaci\u00f3n del delegado t\u00e9cnico de la competencia, LAE. Juan Manuel L\u00f3pez Delgado, presidente de PATU, donde constat\u00f3 los avances de la sede, entre otros aspectos de orden log\u00edstico. \u201cFue un d\u00eda muy productivo porque en el terreno pudimos constatar que a un a\u00f1o del desarrollo de los Juegos, el Pabell\u00f3n de Combate tiene un avance del 36% y se estima que aproximadamente est\u00e9 listo para mayo del a\u00f1o pr\u00f3ximo. Todo marcha en orden seg\u00fan la planificaci\u00f3n de esta sede donde competir\u00e1n los atletas de judo, karate [&hellip;]<\/p>","protected":false},"author":1,"featured_media":9418,"comment_status":"closed","ping_status":"closed","sticky":false,"template":"","format":"standard","meta":{"cybocfi_hide_featured_image":"","footnotes":""},"categories":[1],"tags":[],"class_list":["post-9417","post","type-post","status-publish","format-standard","has-post-thumbnail","hentry","category-uncategorized"],"yoast_head":"<!-- This site is optimized with the Yoast SEO plugin v26.7 - https:\/\/yoast.com\/wordpress\/plugins\/seo\/ -->\n<title>Santiago 2023: Pabell\u00f3n de Combate presenta 36% de avance a un a\u00f1o de los Panamericanos - PATU | Pan American Taekwondo Union<\/title>\n<meta name=\"robots\" content=\"index, follow, max-snippet:-1, max-image-preview:large, max-video-preview:-1\" \/>\n<link rel=\"canonical\" href=\"https:\/\/www.patutkd.org\/en\/santiago-2023-pabellon-de-combate-presenta-36-de-avance-a-un-ano-de-los-panamericanos\/\" \/>\n<meta property=\"og:locale\" content=\"en_US\" \/>\n<meta property=\"og:type\" content=\"article\" \/>\n<meta property=\"og:title\" content=\"Santiago 2023: Pabell\u00f3n de Combate presenta 36% de avance a un a\u00f1o de los Panamericanos - PATU | Pan American Taekwondo Union\" \/>\n<meta property=\"og:description\" content=\"Prensa PATU.- El Pabell\u00f3n de Combate, sede del taekwondo de los Juegos Panamericanos Santiago 2023, presenta un 36% de avance en su construcci\u00f3n a un a\u00f1o del inicio de la fiesta deportiva de Am\u00e9rica que regresa a Chile. Mario Mandel, secretario general de la Uni\u00f3n Panamericana de Taekwondo, realiz\u00f3 este 1 de diciembre una inspecci\u00f3n por las instalaciones de la Corporaci\u00f3n Santiago 2023 en representaci\u00f3n del delegado t\u00e9cnico de la competencia, LAE. Juan Manuel L\u00f3pez Delgado, presidente de PATU, donde constat\u00f3 los avances de la sede, entre otros aspectos de orden log\u00edstico. \u201cFue un d\u00eda muy productivo porque en el terreno pudimos constatar que a un a\u00f1o del desarrollo de los Juegos, el Pabell\u00f3n de Combate tiene un avance del 36% y se estima que aproximadamente est\u00e9 listo para mayo del a\u00f1o pr\u00f3ximo. Todo marcha en orden seg\u00fan la planificaci\u00f3n de esta sede donde competir\u00e1n los atletas de judo, karate [&hellip;]\" \/>\n<meta property=\"og:url\" content=\"https:\/\/www.patutkd.org\/en\/santiago-2023-pabellon-de-combate-presenta-36-de-avance-a-un-ano-de-los-panamericanos\/\" \/>\n<meta property=\"og:site_name\" content=\"PATU | Pan American Taekwondo Union\" \/>\n<meta property=\"article:published_time\" content=\"2022-12-09T17:22:04+00:00\" \/>\n<meta property=\"article:modified_time\" content=\"2025-08-29T18:36:17+00:00\" \/>\n<meta property=\"og:image\" content=\"https:\/\/www.patutkd.org\/wp-content\/uploads\/2022\/12\/Foto-principal-5-1.jpg\" \/>\n\t<meta property=\"og:image:width\" content=\"1920\" \/>\n\t<meta property=\"og:image:height\" content=\"1920\" \/>\n\t<meta property=\"og:image:type\" content=\"image\/jpeg\" \/>\n<meta name=\"author\" content=\"PATU\" \/>\n<meta name=\"twitter:card\" content=\"summary_large_image\" \/>\n<meta name=\"twitter:label1\" content=\"Written by\" \/>\n\t<meta name=\"twitter:data1\" content=\"PATU\" \/>\n\t<meta name=\"twitter:label2\" content=\"Est. reading time\" \/>\n\t<meta name=\"twitter:data2\" content=\"2 minutes\" \/>\n<script type=\"application\/ld+json\" class=\"yoast-schema-graph\">{\"@context\":\"https:\/\/schema.org\",\"@graph\":[{\"@type\":\"Article\",\"@id\":\"https:\/\/www.patutkd.org\/en\/santiago-2023-pabellon-de-combate-presenta-36-de-avance-a-un-ano-de-los-panamericanos\/#article\",\"isPartOf\":{\"@id\":\"https:\/\/www.patutkd.org\/en\/santiago-2023-pabellon-de-combate-presenta-36-de-avance-a-un-ano-de-los-panamericanos\/\"},\"author\":{\"name\":\"PATU\",\"@id\":\"https:\/\/www.patutkd.org\/#\/schema\/person\/a517e9b1fba5c4651093935b92a8eb44\"},\"headline\":\"Santiago 2023: Pabell\u00f3n de Combate presenta 36% de avance a un a\u00f1o de los Panamericanos\",\"datePublished\":\"2022-12-09T17:22:04+00:00\",\"dateModified\":\"2025-08-29T18:36:17+00:00\",\"mainEntityOfPage\":{\"@id\":\"https:\/\/www.patutkd.org\/en\/santiago-2023-pabellon-de-combate-presenta-36-de-avance-a-un-ano-de-los-panamericanos\/\"},\"wordCount\":430,\"image\":{\"@id\":\"https:\/\/www.patutkd.org\/en\/santiago-2023-pabellon-de-combate-presenta-36-de-avance-a-un-ano-de-los-panamericanos\/#primaryimage\"},\"thumbnailUrl\":\"https:\/\/www.patutkd.org\/wp-content\/uploads\/2022\/12\/Foto-principal-5-1.jpg\",\"inLanguage\":\"en-US\"},{\"@type\":\"WebPage\",\"@id\":\"https:\/\/www.patutkd.org\/en\/santiago-2023-pabellon-de-combate-presenta-36-de-avance-a-un-ano-de-los-panamericanos\/\",\"url\":\"https:\/\/www.patutkd.org\/en\/santiago-2023-pabellon-de-combate-presenta-36-de-avance-a-un-ano-de-los-panamericanos\/\",\"name\":\"Santiago 2023: Pabell\u00f3n de Combate presenta 36% de avance a un a\u00f1o de los Panamericanos - PATU | Pan American Taekwondo Union\",\"isPartOf\":{\"@id\":\"https:\/\/www.patutkd.org\/#website\"},\"primaryImageOfPage\":{\"@id\":\"https:\/\/www.patutkd.org\/en\/santiago-2023-pabellon-de-combate-presenta-36-de-avance-a-un-ano-de-los-panamericanos\/#primaryimage\"},\"image\":{\"@id\":\"https:\/\/www.patutkd.org\/en\/santiago-2023-pabellon-de-combate-presenta-36-de-avance-a-un-ano-de-los-panamericanos\/#primaryimage\"},\"thumbnailUrl\":\"https:\/\/www.patutkd.org\/wp-content\/uploads\/2022\/12\/Foto-principal-5-1.jpg\",\"datePublished\":\"2022-12-09T17:22:04+00:00\",\"dateModified\":\"2025-08-29T18:36:17+00:00\",\"author\":{\"@id\":\"https:\/\/www.patutkd.org\/#\/schema\/person\/a517e9b1fba5c4651093935b92a8eb44\"},\"breadcrumb\":{\"@id\":\"https:\/\/www.patutkd.org\/en\/santiago-2023-pabellon-de-combate-presenta-36-de-avance-a-un-ano-de-los-panamericanos\/#breadcrumb\"},\"inLanguage\":\"en-US\",\"potentialAction\":[{\"@type\":\"ReadAction\",\"target\":[\"https:\/\/www.patutkd.org\/en\/santiago-2023-pabellon-de-combate-presenta-36-de-avance-a-un-ano-de-los-panamericanos\/\"]}]},{\"@type\":\"ImageObject\",\"inLanguage\":\"en-US\",\"@id\":\"https:\/\/www.patutkd.org\/en\/santiago-2023-pabellon-de-combate-presenta-36-de-avance-a-un-ano-de-los-panamericanos\/#primaryimage\",\"url\":\"https:\/\/www.patutkd.org\/wp-content\/uploads\/2022\/12\/Foto-principal-5-1.jpg\",\"contentUrl\":\"https:\/\/www.patutkd.org\/wp-content\/uploads\/2022\/12\/Foto-principal-5-1.jpg\",\"width\":1920,\"height\":1920},{\"@type\":\"BreadcrumbList\",\"@id\":\"https:\/\/www.patutkd.org\/en\/santiago-2023-pabellon-de-combate-presenta-36-de-avance-a-un-ano-de-los-panamericanos\/#breadcrumb\",\"itemListElement\":[{\"@type\":\"ListItem\",\"position\":1,\"name\":\"Inicio\",\"item\":\"https:\/\/www.patutkd.org\/\"},{\"@type\":\"ListItem\",\"position\":2,\"name\":\"Santiago 2023: Pabell\u00f3n de Combate presenta 36% de avance a un a\u00f1o de los Panamericanos\"}]},{\"@type\":\"WebSite\",\"@id\":\"https:\/\/www.patutkd.org\/#website\",\"url\":\"https:\/\/www.patutkd.org\/\",\"name\":\"PATU | Pan American Taekwondo Union\",\"description\":\"\",\"potentialAction\":[{\"@type\":\"SearchAction\",\"target\":{\"@type\":\"EntryPoint\",\"urlTemplate\":\"https:\/\/www.patutkd.org\/?s={search_term_string}\"},\"query-input\":{\"@type\":\"PropertyValueSpecification\",\"valueRequired\":true,\"valueName\":\"search_term_string\"}}],\"inLanguage\":\"en-US\"},{\"@type\":\"Person\",\"@id\":\"https:\/\/www.patutkd.org\/#\/schema\/person\/a517e9b1fba5c4651093935b92a8eb44\",\"name\":\"PATU\",\"image\":{\"@type\":\"ImageObject\",\"inLanguage\":\"en-US\",\"@id\":\"https:\/\/www.patutkd.org\/#\/schema\/person\/image\/\",\"url\":\"https:\/\/www.patutkd.org\/wp-content\/uploads\/2022\/01\/patu-web_Mesa-de-trabajo-1-1-96x96.png\",\"contentUrl\":\"https:\/\/www.patutkd.org\/wp-content\/uploads\/2022\/01\/patu-web_Mesa-de-trabajo-1-1-96x96.png\",\"caption\":\"PATU\"},\"sameAs\":[\"http:\/\/www.patutkd.org\"],\"url\":\"https:\/\/www.patutkd.org\/en\/author\/admin\/\"}]}<\/script>\n<!-- \/ Yoast SEO plugin. -->","yoast_head_json":{"title":"Santiago 2023: Pabell\u00f3n de Combate presenta 36% de avance a un a\u00f1o de los Panamericanos - PATU | Pan American Taekwondo Union","robots":{"index":"index","follow":"follow","max-snippet":"max-snippet:-1","max-image-preview":"max-image-preview:large","max-video-preview":"max-video-preview:-1"},"canonical":"https:\/\/www.patutkd.org\/en\/santiago-2023-pabellon-de-combate-presenta-36-de-avance-a-un-ano-de-los-panamericanos\/","og_locale":"en_US","og_type":"article","og_title":"Santiago 2023: Pabell\u00f3n de Combate presenta 36% de avance a un a\u00f1o de los Panamericanos - PATU | Pan American Taekwondo Union","og_description":"Prensa PATU.- El Pabell\u00f3n de Combate, sede del taekwondo de los Juegos Panamericanos Santiago 2023, presenta un 36% de avance en su construcci\u00f3n a un a\u00f1o del inicio de la fiesta deportiva de Am\u00e9rica que regresa a Chile. Mario Mandel, secretario general de la Uni\u00f3n Panamericana de Taekwondo, realiz\u00f3 este 1 de diciembre una inspecci\u00f3n por las instalaciones de la Corporaci\u00f3n Santiago 2023 en representaci\u00f3n del delegado t\u00e9cnico de la competencia, LAE. Juan Manuel L\u00f3pez Delgado, presidente de PATU, donde constat\u00f3 los avances de la sede, entre otros aspectos de orden log\u00edstico. \u201cFue un d\u00eda muy productivo porque en el terreno pudimos constatar que a un a\u00f1o del desarrollo de los Juegos, el Pabell\u00f3n de Combate tiene un avance del 36% y se estima que aproximadamente est\u00e9 listo para mayo del a\u00f1o pr\u00f3ximo. Todo marcha en orden seg\u00fan la planificaci\u00f3n de esta sede donde competir\u00e1n los atletas de judo, karate [&hellip;]","og_url":"https:\/\/www.patutkd.org\/en\/santiago-2023-pabellon-de-combate-presenta-36-de-avance-a-un-ano-de-los-panamericanos\/","og_site_name":"PATU | Pan American Taekwondo Union","article_published_time":"2022-12-09T17:22:04+00:00","article_modified_time":"2025-08-29T18:36:17+00:00","og_image":[{"width":1920,"height":1920,"url":"https:\/\/www.patutkd.org\/wp-content\/uploads\/2022\/12\/Foto-principal-5-1.jpg","type":"image\/jpeg"}],"author":"PATU","twitter_card":"summary_large_image","twitter_misc":{"Written by":"PATU","Est. reading time":"2 minutes"},"schema":{"@context":"https:\/\/schema.org","@graph":[{"@type":"Article","@id":"https:\/\/www.patutkd.org\/en\/santiago-2023-pabellon-de-combate-presenta-36-de-avance-a-un-ano-de-los-panamericanos\/#article","isPartOf":{"@id":"https:\/\/www.patutkd.org\/en\/santiago-2023-pabellon-de-combate-presenta-36-de-avance-a-un-ano-de-los-panamericanos\/"},"author":{"name":"PATU","@id":"https:\/\/www.patutkd.org\/#\/schema\/person\/a517e9b1fba5c4651093935b92a8eb44"},"headline":"Santiago 2023: Pabell\u00f3n de Combate presenta 36% de avance a un a\u00f1o de los Panamericanos","datePublished":"2022-12-09T17:22:04+00:00","dateModified":"2025-08-29T18:36:17+00:00","mainEntityOfPage":{"@id":"https:\/\/www.patutkd.org\/en\/santiago-2023-pabellon-de-combate-presenta-36-de-avance-a-un-ano-de-los-panamericanos\/"},"wordCount":430,"image":{"@id":"https:\/\/www.patutkd.org\/en\/santiago-2023-pabellon-de-combate-presenta-36-de-avance-a-un-ano-de-los-panamericanos\/#primaryimage"},"thumbnailUrl":"https:\/\/www.patutkd.org\/wp-content\/uploads\/2022\/12\/Foto-principal-5-1.jpg","inLanguage":"en-US"},{"@type":"WebPage","@id":"https:\/\/www.patutkd.org\/en\/santiago-2023-pabellon-de-combate-presenta-36-de-avance-a-un-ano-de-los-panamericanos\/","url":"https:\/\/www.patutkd.org\/en\/santiago-2023-pabellon-de-combate-presenta-36-de-avance-a-un-ano-de-los-panamericanos\/","name":"Santiago 2023: Pabell\u00f3n de Combate presenta 36% de avance a un a\u00f1o de los Panamericanos - PATU | Pan American Taekwondo Union","isPartOf":{"@id":"https:\/\/www.patutkd.org\/#website"},"primaryImageOfPage":{"@id":"https:\/\/www.patutkd.org\/en\/santiago-2023-pabellon-de-combate-presenta-36-de-avance-a-un-ano-de-los-panamericanos\/#primaryimage"},"image":{"@id":"https:\/\/www.patutkd.org\/en\/santiago-2023-pabellon-de-combate-presenta-36-de-avance-a-un-ano-de-los-panamericanos\/#primaryimage"},"thumbnailUrl":"https:\/\/www.patutkd.org\/wp-content\/uploads\/2022\/12\/Foto-principal-5-1.jpg","datePublished":"2022-12-09T17:22:04+00:00","dateModified":"2025-08-29T18:36:17+00:00","author":{"@id":"https:\/\/www.patutkd.org\/#\/schema\/person\/a517e9b1fba5c4651093935b92a8eb44"},"breadcrumb":{"@id":"https:\/\/www.patutkd.org\/en\/santiago-2023-pabellon-de-combate-presenta-36-de-avance-a-un-ano-de-los-panamericanos\/#breadcrumb"},"inLanguage":"en-US","potentialAction":[{"@type":"ReadAction","target":["https:\/\/www.patutkd.org\/en\/santiago-2023-pabellon-de-combate-presenta-36-de-avance-a-un-ano-de-los-panamericanos\/"]}]},{"@type":"ImageObject","inLanguage":"en-US","@id":"https:\/\/www.patutkd.org\/en\/santiago-2023-pabellon-de-combate-presenta-36-de-avance-a-un-ano-de-los-panamericanos\/#primaryimage","url":"https:\/\/www.patutkd.org\/wp-content\/uploads\/2022\/12\/Foto-principal-5-1.jpg","contentUrl":"https:\/\/www.patutkd.org\/wp-content\/uploads\/2022\/12\/Foto-principal-5-1.jpg","width":1920,"height":1920},{"@type":"BreadcrumbList","@id":"https:\/\/www.patutkd.org\/en\/santiago-2023-pabellon-de-combate-presenta-36-de-avance-a-un-ano-de-los-panamericanos\/#breadcrumb","itemListElement":[{"@type":"ListItem","position":1,"name":"Inicio","item":"https:\/\/www.patutkd.org\/"},{"@type":"ListItem","position":2,"name":"Santiago 2023: Pabell\u00f3n de Combate presenta 36% de avance a un a\u00f1o de los Panamericanos"}]},{"@type":"WebSite","@id":"https:\/\/www.patutkd.org\/#website","url":"https:\/\/www.patutkd.org\/","name":"PATU | Pan American Taekwondo Union","description":"","potentialAction":[{"@type":"SearchAction","target":{"@type":"EntryPoint","urlTemplate":"https:\/\/www.patutkd.org\/?s={search_term_string}"},"query-input":{"@type":"PropertyValueSpecification","valueRequired":true,"valueName":"search_term_string"}}],"inLanguage":"en-US"},{"@type":"Person","@id":"https:\/\/www.patutkd.org\/#\/schema\/person\/a517e9b1fba5c4651093935b92a8eb44","name":"PATU","image":{"@type":"ImageObject","inLanguage":"en-US","@id":"https:\/\/www.patutkd.org\/#\/schema\/person\/image\/","url":"https:\/\/www.patutkd.org\/wp-content\/uploads\/2022\/01\/patu-web_Mesa-de-trabajo-1-1-96x96.png","contentUrl":"https:\/\/www.patutkd.org\/wp-content\/uploads\/2022\/01\/patu-web_Mesa-de-trabajo-1-1-96x96.png","caption":"PATU"},"sameAs":["http:\/\/www.patutkd.org"],"url":"https:\/\/www.patutkd.org\/en\/author\/admin\/"}]}},"_links":{"self":[{"href":"https:\/\/www.patutkd.org\/en\/wp-json\/wp\/v2\/posts\/9417","targetHints":{"allow":["GET"]}}],"collection":[{"href":"https:\/\/www.patutkd.org\/en\/wp-json\/wp\/v2\/posts"}],"about":[{"href":"https:\/\/www.patutkd.org\/en\/wp-json\/wp\/v2\/types\/post"}],"author":[{"embeddable":true,"href":"https:\/\/www.patutkd.org\/en\/wp-json\/wp\/v2\/users\/1"}],"replies":[{"embeddable":true,"href":"https:\/\/www.patutkd.org\/en\/wp-json\/wp\/v2\/comments?post=9417"}],"version-history":[{"count":1,"href":"https:\/\/www.patutkd.org\/en\/wp-json\/wp\/v2\/posts\/9417\/revisions"}],"predecessor-version":[{"id":9421,"href":"https:\/\/www.patutkd.org\/en\/wp-json\/wp\/v2\/posts\/9417\/revisions\/9421"}],"wp:featuredmedia":[{"embeddable":true,"href":"https:\/\/www.patutkd.org\/en\/wp-json\/wp\/v2\/media\/9418"}],"wp:attachment":[{"href":"https:\/\/www.patutkd.org\/en\/wp-json\/wp\/v2\/media?parent=9417"}],"wp:term":[{"taxonomy":"category","embeddable":true,"href":"https:\/\/www.patutkd.org\/en\/wp-json\/wp\/v2\/categories?post=9417"},{"taxonomy":"post_tag","embeddable":true,"href":"https:\/\/www.patutkd.org\/en\/wp-json\/wp\/v2\/tags?post=9417"}],"curies":[{"name":"wp","href":"https:\/\/api.w.org\/{rel}","templated":true}]}}