{"id":8900,"date":"2022-10-07T17:12:56","date_gmt":"2022-10-07T17:12:56","guid":{"rendered":"https:\/\/www.patutkd.org\/?p=8900"},"modified":"2025-08-29T18:37:04","modified_gmt":"2025-08-29T18:37:04","slug":"wt-se-reune-con-presidentes-de-las-uniones-continentales-en-seul","status":"publish","type":"post","link":"https:\/\/www.patutkd.org\/en\/wt-se-reune-con-presidentes-de-las-uniones-continentales-en-seul\/","title":{"rendered":"WT se re\u00fane con presidentes de las Uniones Continentales en Se\u00fal"},"content":{"rendered":"<p><strong>PATU Press.-<\/strong> Como parte de la agenda internacional que cumple el LAE Juan Manuel L\u00f3pez Delgado, presidente de la Uni\u00f3n Panamericana de Taekwondo, el m\u00e1ximo dirigente del taekwondo en Am\u00e9rica asisti\u00f3 este 5 de octubre a una reuni\u00f3n con todos los presidentes de Uniones Continentales en Se\u00fal, espec\u00edficamente en la sede de la World Taekwondo, para discutir asuntos importantes y alinear los planes del 2023 y m\u00e1s all\u00e1.<\/p>\n\n\n\n<p>A la reuni\u00f3n, rese\u00f1a WT, asistieron el presidente de la Uni\u00f3n Asi\u00e1tica de Taekwondo, Kyu Seok Lee, y el secretario general, Jung Heon Kim; el presidente de la Uni\u00f3n de Taekwondo de Ocean\u00eda, John Kotsifas, y el secretario general, Stuart Lee, que se unieron por videoconferencia; el presidente de la Uni\u00f3n Africana de Taekwondo, Issaka Ide, y el secretario general, Balla Dieye; y el presidente de la Uni\u00f3n Panamericana de Taekwondo, Juan Manuel L\u00f3pez Delgado.\u00a0<\/p>\n\n\n\n<figure class=\"wp-block-image size-full\"><img loading=\"lazy\" decoding=\"async\" width=\"960\" height=\"640\" src=\"http:\/\/www.patutkd.org\/wp-content\/uploads\/2022\/10\/9c255c19-2192-4d42-b68f-4c4bf949d162.jpg\" alt=\"\" class=\"wp-image-8901\" srcset=\"https:\/\/www.patutkd.org\/wp-content\/uploads\/2022\/10\/9c255c19-2192-4d42-b68f-4c4bf949d162.jpg 960w, https:\/\/www.patutkd.org\/wp-content\/uploads\/2022\/10\/9c255c19-2192-4d42-b68f-4c4bf949d162-300x200.jpg 300w, https:\/\/www.patutkd.org\/wp-content\/uploads\/2022\/10\/9c255c19-2192-4d42-b68f-4c4bf949d162-768x512.jpg 768w, https:\/\/www.patutkd.org\/wp-content\/uploads\/2022\/10\/9c255c19-2192-4d42-b68f-4c4bf949d162-18x12.jpg 18w, https:\/\/www.patutkd.org\/wp-content\/uploads\/2022\/10\/9c255c19-2192-4d42-b68f-4c4bf949d162-340x227.jpg 340w, https:\/\/www.patutkd.org\/wp-content\/uploads\/2022\/10\/9c255c19-2192-4d42-b68f-4c4bf949d162-600x400.jpg 600w, https:\/\/www.patutkd.org\/wp-content\/uploads\/2022\/10\/9c255c19-2192-4d42-b68f-4c4bf949d162-755x503.jpg 755w, https:\/\/www.patutkd.org\/wp-content\/uploads\/2022\/10\/9c255c19-2192-4d42-b68f-4c4bf949d162-585x390.jpg 585w\" sizes=\"auto, (max-width: 960px) 100vw, 960px\" \/><\/figure>\n\n\n\n<p>Durante la reuni\u00f3n, el Presidente Choue comparti\u00f3 informaci\u00f3n sobre el calendario de 2023, los planes para el 50\u00ba aniversario de la fundaci\u00f3n del Taekwondo Mundial y el papel de las Uniones Continentales en la promoci\u00f3n del aniversario, y los avances del Taekwondo Mundial en materia de sostenibilidad y Taekwondo Virtual. Un tema clave que se deliber\u00f3 fue la mejora de la gobernanza del Taekwondo Mundial, incluso en las asociaciones nacionales miembros (ANM) a trav\u00e9s de una encuesta que se utilizar\u00e1 como ranking.<\/p>\n\n\n\n<p>Luego, se debati\u00f3 sobre una serie de temas clave, ya que las Uniones Continentales compartieron sus ideas y experiencias. Los temas de debate incluyeron el Programa de Desarrollo del Taekwondo Mundial, la afiliaci\u00f3n, los eventos y las competiciones, la educaci\u00f3n, el Para Taekwondo y los derechos y responsabilidades de las ANM.<\/p>\n\n\n\n<p>El Presidente de World Taekwondo, Dr. Chungwon Choue, dijo:<\/p>\n\n\n\n<p>&#8220;Siempre es importante que la sede y las Uniones Continentales est\u00e9n alineadas en nuestra direcci\u00f3n y planes a trav\u00e9s de este tipo de reuniones a nivel de trabajo.<\/p>\n\n\n\n<p>&#8220;El a\u00f1o que viene es el 50\u00ba aniversario de nuestra fundaci\u00f3n. No hace falta decir que el Taekwondo Mundial de hace 50 a\u00f1os era significativamente diferente de lo que somos hoy. Hoy, nuestro deporte es innovador y justo, nuestra organizaci\u00f3n est\u00e1 bien gobernada y es transparente, y el movimiento del taekwondo est\u00e1 ayudando a fortalecer la sociedad a trav\u00e9s de nuestros esfuerzos humanitarios y de desarrollo social. Nunca hemos dejado de progresar. El 50\u00ba aniversario de la fundaci\u00f3n, que se celebrar\u00e1 el a\u00f1o que viene, es la oportunidad perfecta para que miremos al futuro y establezcamos unos nuevos cimientos para las futuras generaciones de taekwondistas. Tenemos que dejar un legado del que puedan sentirse orgullosos&#8221;.<\/p>\n\n\n\n<p><strong>Con informaci\u00f3n de WT.<\/strong><\/p>","protected":false},"excerpt":{"rendered":"<p>Prensa PATU.- Como parte de la agenda internacional que cumple el LAE Juan Manuel L\u00f3pez Delgado, presidente de la Uni\u00f3n Panamericana de Taekwondo, el m\u00e1ximo dirigente del taekwondo en Am\u00e9rica asisti\u00f3 este 5 de octubre a una reuni\u00f3n con todos los presidentes de Uniones Continentales en Se\u00fal, espec\u00edficamente en la sede de la World Taekwondo, para discutir asuntos importantes y alinear los planes del 2023 y m\u00e1s all\u00e1. A la reuni\u00f3n, rese\u00f1a WT, asistieron el presidente de la Uni\u00f3n Asi\u00e1tica de Taekwondo, Kyu Seok Lee, y el secretario general, Jung Heon Kim; el presidente de la Uni\u00f3n de Taekwondo de Ocean\u00eda, John Kotsifas, y el secretario general, Stuart Lee, que se unieron por videoconferencia; el presidente de la Uni\u00f3n Africana de Taekwondo, Issaka Ide, y el secretario general, Balla Dieye; y el presidente de la Uni\u00f3n Panamericana de Taekwondo, Juan Manuel L\u00f3pez Delgado.\u00a0 Durante la reuni\u00f3n, el Presidente Choue comparti\u00f3 [&hellip;]<\/p>","protected":false},"author":1,"featured_media":8904,"comment_status":"closed","ping_status":"closed","sticky":false,"template":"","format":"standard","meta":{"cybocfi_hide_featured_image":"","footnotes":""},"categories":[277,278],"tags":[],"class_list":["post-8900","post","type-post","status-publish","format-standard","has-post-thumbnail","hentry","category-english","category-espanol"],"yoast_head":"<!-- This site is optimized with the Yoast SEO plugin v26.7 - https:\/\/yoast.com\/wordpress\/plugins\/seo\/ -->\n<title>WT se re\u00fane con presidentes de las Uniones Continentales en Se\u00fal - PATU | Pan American Taekwondo Union<\/title>\n<meta name=\"robots\" content=\"index, follow, max-snippet:-1, max-image-preview:large, max-video-preview:-1\" \/>\n<link rel=\"canonical\" href=\"https:\/\/www.patutkd.org\/en\/wt-se-reune-con-presidentes-de-las-uniones-continentales-en-seul\/\" \/>\n<meta property=\"og:locale\" content=\"en_US\" \/>\n<meta property=\"og:type\" content=\"article\" \/>\n<meta property=\"og:title\" content=\"WT se re\u00fane con presidentes de las Uniones Continentales en Se\u00fal - PATU | Pan American Taekwondo Union\" \/>\n<meta property=\"og:description\" content=\"Prensa PATU.- Como parte de la agenda internacional que cumple el LAE Juan Manuel L\u00f3pez Delgado, presidente de la Uni\u00f3n Panamericana de Taekwondo, el m\u00e1ximo dirigente del taekwondo en Am\u00e9rica asisti\u00f3 este 5 de octubre a una reuni\u00f3n con todos los presidentes de Uniones Continentales en Se\u00fal, espec\u00edficamente en la sede de la World Taekwondo, para discutir asuntos importantes y alinear los planes del 2023 y m\u00e1s all\u00e1. A la reuni\u00f3n, rese\u00f1a WT, asistieron el presidente de la Uni\u00f3n Asi\u00e1tica de Taekwondo, Kyu Seok Lee, y el secretario general, Jung Heon Kim; el presidente de la Uni\u00f3n de Taekwondo de Ocean\u00eda, John Kotsifas, y el secretario general, Stuart Lee, que se unieron por videoconferencia; el presidente de la Uni\u00f3n Africana de Taekwondo, Issaka Ide, y el secretario general, Balla Dieye; y el presidente de la Uni\u00f3n Panamericana de Taekwondo, Juan Manuel L\u00f3pez Delgado.\u00a0 Durante la reuni\u00f3n, el Presidente Choue comparti\u00f3 [&hellip;]\" \/>\n<meta property=\"og:url\" content=\"https:\/\/www.patutkd.org\/en\/wt-se-reune-con-presidentes-de-las-uniones-continentales-en-seul\/\" \/>\n<meta property=\"og:site_name\" content=\"PATU | Pan American Taekwondo Union\" \/>\n<meta property=\"article:published_time\" content=\"2022-10-07T17:12:56+00:00\" \/>\n<meta property=\"article:modified_time\" content=\"2025-08-29T18:37:04+00:00\" \/>\n<meta property=\"og:image\" content=\"https:\/\/www.patutkd.org\/wp-content\/uploads\/2022\/10\/4668e5ba-5019-424f-9b82-1073e1089f98.jpg\" \/>\n\t<meta property=\"og:image:width\" content=\"960\" \/>\n\t<meta property=\"og:image:height\" content=\"620\" \/>\n\t<meta property=\"og:image:type\" content=\"image\/jpeg\" \/>\n<meta name=\"author\" content=\"PATU\" \/>\n<meta name=\"twitter:card\" content=\"summary_large_image\" \/>\n<meta name=\"twitter:label1\" content=\"Written by\" \/>\n\t<meta name=\"twitter:data1\" content=\"PATU\" \/>\n\t<meta name=\"twitter:label2\" content=\"Est. reading time\" \/>\n\t<meta name=\"twitter:data2\" content=\"2 minutes\" \/>\n<script type=\"application\/ld+json\" class=\"yoast-schema-graph\">{\"@context\":\"https:\/\/schema.org\",\"@graph\":[{\"@type\":\"Article\",\"@id\":\"https:\/\/www.patutkd.org\/wt-se-reune-con-presidentes-de-las-uniones-continentales-en-seul\/#article\",\"isPartOf\":{\"@id\":\"https:\/\/www.patutkd.org\/wt-se-reune-con-presidentes-de-las-uniones-continentales-en-seul\/\"},\"author\":{\"name\":\"PATU\",\"@id\":\"https:\/\/www.patutkd.org\/#\/schema\/person\/a517e9b1fba5c4651093935b92a8eb44\"},\"headline\":\"WT se re\u00fane con presidentes de las Uniones Continentales en Se\u00fal\",\"datePublished\":\"2022-10-07T17:12:56+00:00\",\"dateModified\":\"2025-08-29T18:37:04+00:00\",\"mainEntityOfPage\":{\"@id\":\"https:\/\/www.patutkd.org\/wt-se-reune-con-presidentes-de-las-uniones-continentales-en-seul\/\"},\"wordCount\":474,\"image\":{\"@id\":\"https:\/\/www.patutkd.org\/wt-se-reune-con-presidentes-de-las-uniones-continentales-en-seul\/#primaryimage\"},\"thumbnailUrl\":\"https:\/\/www.patutkd.org\/wp-content\/uploads\/2022\/10\/4668e5ba-5019-424f-9b82-1073e1089f98.jpg\",\"articleSection\":[\"English\",\"Espa\u00f1ol\"],\"inLanguage\":\"en-US\"},{\"@type\":\"WebPage\",\"@id\":\"https:\/\/www.patutkd.org\/wt-se-reune-con-presidentes-de-las-uniones-continentales-en-seul\/\",\"url\":\"https:\/\/www.patutkd.org\/wt-se-reune-con-presidentes-de-las-uniones-continentales-en-seul\/\",\"name\":\"WT se re\u00fane con presidentes de las Uniones Continentales en Se\u00fal - PATU | Pan American Taekwondo Union\",\"isPartOf\":{\"@id\":\"https:\/\/www.patutkd.org\/#website\"},\"primaryImageOfPage\":{\"@id\":\"https:\/\/www.patutkd.org\/wt-se-reune-con-presidentes-de-las-uniones-continentales-en-seul\/#primaryimage\"},\"image\":{\"@id\":\"https:\/\/www.patutkd.org\/wt-se-reune-con-presidentes-de-las-uniones-continentales-en-seul\/#primaryimage\"},\"thumbnailUrl\":\"https:\/\/www.patutkd.org\/wp-content\/uploads\/2022\/10\/4668e5ba-5019-424f-9b82-1073e1089f98.jpg\",\"datePublished\":\"2022-10-07T17:12:56+00:00\",\"dateModified\":\"2025-08-29T18:37:04+00:00\",\"author\":{\"@id\":\"https:\/\/www.patutkd.org\/#\/schema\/person\/a517e9b1fba5c4651093935b92a8eb44\"},\"breadcrumb\":{\"@id\":\"https:\/\/www.patutkd.org\/wt-se-reune-con-presidentes-de-las-uniones-continentales-en-seul\/#breadcrumb\"},\"inLanguage\":\"en-US\",\"potentialAction\":[{\"@type\":\"ReadAction\",\"target\":[\"https:\/\/www.patutkd.org\/wt-se-reune-con-presidentes-de-las-uniones-continentales-en-seul\/\"]}]},{\"@type\":\"ImageObject\",\"inLanguage\":\"en-US\",\"@id\":\"https:\/\/www.patutkd.org\/wt-se-reune-con-presidentes-de-las-uniones-continentales-en-seul\/#primaryimage\",\"url\":\"https:\/\/www.patutkd.org\/wp-content\/uploads\/2022\/10\/4668e5ba-5019-424f-9b82-1073e1089f98.jpg\",\"contentUrl\":\"https:\/\/www.patutkd.org\/wp-content\/uploads\/2022\/10\/4668e5ba-5019-424f-9b82-1073e1089f98.jpg\",\"width\":960,\"height\":620},{\"@type\":\"BreadcrumbList\",\"@id\":\"https:\/\/www.patutkd.org\/wt-se-reune-con-presidentes-de-las-uniones-continentales-en-seul\/#breadcrumb\",\"itemListElement\":[{\"@type\":\"ListItem\",\"position\":1,\"name\":\"Inicio\",\"item\":\"https:\/\/www.patutkd.org\/\"},{\"@type\":\"ListItem\",\"position\":2,\"name\":\"WT se re\u00fane con presidentes de las Uniones Continentales en Se\u00fal\"}]},{\"@type\":\"WebSite\",\"@id\":\"https:\/\/www.patutkd.org\/#website\",\"url\":\"https:\/\/www.patutkd.org\/\",\"name\":\"PATU | Pan American Taekwondo Union\",\"description\":\"\",\"potentialAction\":[{\"@type\":\"SearchAction\",\"target\":{\"@type\":\"EntryPoint\",\"urlTemplate\":\"https:\/\/www.patutkd.org\/?s={search_term_string}\"},\"query-input\":{\"@type\":\"PropertyValueSpecification\",\"valueRequired\":true,\"valueName\":\"search_term_string\"}}],\"inLanguage\":\"en-US\"},{\"@type\":\"Person\",\"@id\":\"https:\/\/www.patutkd.org\/#\/schema\/person\/a517e9b1fba5c4651093935b92a8eb44\",\"name\":\"PATU\",\"image\":{\"@type\":\"ImageObject\",\"inLanguage\":\"en-US\",\"@id\":\"https:\/\/www.patutkd.org\/#\/schema\/person\/image\/\",\"url\":\"https:\/\/www.patutkd.org\/wp-content\/uploads\/2022\/01\/patu-web_Mesa-de-trabajo-1-1-96x96.png\",\"contentUrl\":\"https:\/\/www.patutkd.org\/wp-content\/uploads\/2022\/01\/patu-web_Mesa-de-trabajo-1-1-96x96.png\",\"caption\":\"PATU\"},\"sameAs\":[\"http:\/\/www.patutkd.org\"],\"url\":\"https:\/\/www.patutkd.org\/en\/author\/admin\/\"}]}<\/script>\n<!-- \/ Yoast SEO plugin. -->","yoast_head_json":{"title":"WT se re\u00fane con presidentes de las Uniones Continentales en Se\u00fal - PATU | Pan American Taekwondo Union","robots":{"index":"index","follow":"follow","max-snippet":"max-snippet:-1","max-image-preview":"max-image-preview:large","max-video-preview":"max-video-preview:-1"},"canonical":"https:\/\/www.patutkd.org\/en\/wt-se-reune-con-presidentes-de-las-uniones-continentales-en-seul\/","og_locale":"en_US","og_type":"article","og_title":"WT se re\u00fane con presidentes de las Uniones Continentales en Se\u00fal - PATU | Pan American Taekwondo Union","og_description":"Prensa PATU.- Como parte de la agenda internacional que cumple el LAE Juan Manuel L\u00f3pez Delgado, presidente de la Uni\u00f3n Panamericana de Taekwondo, el m\u00e1ximo dirigente del taekwondo en Am\u00e9rica asisti\u00f3 este 5 de octubre a una reuni\u00f3n con todos los presidentes de Uniones Continentales en Se\u00fal, espec\u00edficamente en la sede de la World Taekwondo, para discutir asuntos importantes y alinear los planes del 2023 y m\u00e1s all\u00e1. A la reuni\u00f3n, rese\u00f1a WT, asistieron el presidente de la Uni\u00f3n Asi\u00e1tica de Taekwondo, Kyu Seok Lee, y el secretario general, Jung Heon Kim; el presidente de la Uni\u00f3n de Taekwondo de Ocean\u00eda, John Kotsifas, y el secretario general, Stuart Lee, que se unieron por videoconferencia; el presidente de la Uni\u00f3n Africana de Taekwondo, Issaka Ide, y el secretario general, Balla Dieye; y el presidente de la Uni\u00f3n Panamericana de Taekwondo, Juan Manuel L\u00f3pez Delgado.\u00a0 Durante la reuni\u00f3n, el Presidente Choue comparti\u00f3 [&hellip;]","og_url":"https:\/\/www.patutkd.org\/en\/wt-se-reune-con-presidentes-de-las-uniones-continentales-en-seul\/","og_site_name":"PATU | Pan American Taekwondo Union","article_published_time":"2022-10-07T17:12:56+00:00","article_modified_time":"2025-08-29T18:37:04+00:00","og_image":[{"width":960,"height":620,"url":"https:\/\/www.patutkd.org\/wp-content\/uploads\/2022\/10\/4668e5ba-5019-424f-9b82-1073e1089f98.jpg","type":"image\/jpeg"}],"author":"PATU","twitter_card":"summary_large_image","twitter_misc":{"Written by":"PATU","Est. reading time":"2 minutes"},"schema":{"@context":"https:\/\/schema.org","@graph":[{"@type":"Article","@id":"https:\/\/www.patutkd.org\/wt-se-reune-con-presidentes-de-las-uniones-continentales-en-seul\/#article","isPartOf":{"@id":"https:\/\/www.patutkd.org\/wt-se-reune-con-presidentes-de-las-uniones-continentales-en-seul\/"},"author":{"name":"PATU","@id":"https:\/\/www.patutkd.org\/#\/schema\/person\/a517e9b1fba5c4651093935b92a8eb44"},"headline":"WT se re\u00fane con presidentes de las Uniones Continentales en Se\u00fal","datePublished":"2022-10-07T17:12:56+00:00","dateModified":"2025-08-29T18:37:04+00:00","mainEntityOfPage":{"@id":"https:\/\/www.patutkd.org\/wt-se-reune-con-presidentes-de-las-uniones-continentales-en-seul\/"},"wordCount":474,"image":{"@id":"https:\/\/www.patutkd.org\/wt-se-reune-con-presidentes-de-las-uniones-continentales-en-seul\/#primaryimage"},"thumbnailUrl":"https:\/\/www.patutkd.org\/wp-content\/uploads\/2022\/10\/4668e5ba-5019-424f-9b82-1073e1089f98.jpg","articleSection":["English","Espa\u00f1ol"],"inLanguage":"en-US"},{"@type":"WebPage","@id":"https:\/\/www.patutkd.org\/wt-se-reune-con-presidentes-de-las-uniones-continentales-en-seul\/","url":"https:\/\/www.patutkd.org\/wt-se-reune-con-presidentes-de-las-uniones-continentales-en-seul\/","name":"WT se re\u00fane con presidentes de las Uniones Continentales en Se\u00fal - PATU | Pan American Taekwondo Union","isPartOf":{"@id":"https:\/\/www.patutkd.org\/#website"},"primaryImageOfPage":{"@id":"https:\/\/www.patutkd.org\/wt-se-reune-con-presidentes-de-las-uniones-continentales-en-seul\/#primaryimage"},"image":{"@id":"https:\/\/www.patutkd.org\/wt-se-reune-con-presidentes-de-las-uniones-continentales-en-seul\/#primaryimage"},"thumbnailUrl":"https:\/\/www.patutkd.org\/wp-content\/uploads\/2022\/10\/4668e5ba-5019-424f-9b82-1073e1089f98.jpg","datePublished":"2022-10-07T17:12:56+00:00","dateModified":"2025-08-29T18:37:04+00:00","author":{"@id":"https:\/\/www.patutkd.org\/#\/schema\/person\/a517e9b1fba5c4651093935b92a8eb44"},"breadcrumb":{"@id":"https:\/\/www.patutkd.org\/wt-se-reune-con-presidentes-de-las-uniones-continentales-en-seul\/#breadcrumb"},"inLanguage":"en-US","potentialAction":[{"@type":"ReadAction","target":["https:\/\/www.patutkd.org\/wt-se-reune-con-presidentes-de-las-uniones-continentales-en-seul\/"]}]},{"@type":"ImageObject","inLanguage":"en-US","@id":"https:\/\/www.patutkd.org\/wt-se-reune-con-presidentes-de-las-uniones-continentales-en-seul\/#primaryimage","url":"https:\/\/www.patutkd.org\/wp-content\/uploads\/2022\/10\/4668e5ba-5019-424f-9b82-1073e1089f98.jpg","contentUrl":"https:\/\/www.patutkd.org\/wp-content\/uploads\/2022\/10\/4668e5ba-5019-424f-9b82-1073e1089f98.jpg","width":960,"height":620},{"@type":"BreadcrumbList","@id":"https:\/\/www.patutkd.org\/wt-se-reune-con-presidentes-de-las-uniones-continentales-en-seul\/#breadcrumb","itemListElement":[{"@type":"ListItem","position":1,"name":"Inicio","item":"https:\/\/www.patutkd.org\/"},{"@type":"ListItem","position":2,"name":"WT se re\u00fane con presidentes de las Uniones Continentales en Se\u00fal"}]},{"@type":"WebSite","@id":"https:\/\/www.patutkd.org\/#website","url":"https:\/\/www.patutkd.org\/","name":"PATU | Pan American Taekwondo Union","description":"","potentialAction":[{"@type":"SearchAction","target":{"@type":"EntryPoint","urlTemplate":"https:\/\/www.patutkd.org\/?s={search_term_string}"},"query-input":{"@type":"PropertyValueSpecification","valueRequired":true,"valueName":"search_term_string"}}],"inLanguage":"en-US"},{"@type":"Person","@id":"https:\/\/www.patutkd.org\/#\/schema\/person\/a517e9b1fba5c4651093935b92a8eb44","name":"PATU","image":{"@type":"ImageObject","inLanguage":"en-US","@id":"https:\/\/www.patutkd.org\/#\/schema\/person\/image\/","url":"https:\/\/www.patutkd.org\/wp-content\/uploads\/2022\/01\/patu-web_Mesa-de-trabajo-1-1-96x96.png","contentUrl":"https:\/\/www.patutkd.org\/wp-content\/uploads\/2022\/01\/patu-web_Mesa-de-trabajo-1-1-96x96.png","caption":"PATU"},"sameAs":["http:\/\/www.patutkd.org"],"url":"https:\/\/www.patutkd.org\/en\/author\/admin\/"}]}},"_links":{"self":[{"href":"https:\/\/www.patutkd.org\/en\/wp-json\/wp\/v2\/posts\/8900","targetHints":{"allow":["GET"]}}],"collection":[{"href":"https:\/\/www.patutkd.org\/en\/wp-json\/wp\/v2\/posts"}],"about":[{"href":"https:\/\/www.patutkd.org\/en\/wp-json\/wp\/v2\/types\/post"}],"author":[{"embeddable":true,"href":"https:\/\/www.patutkd.org\/en\/wp-json\/wp\/v2\/users\/1"}],"replies":[{"embeddable":true,"href":"https:\/\/www.patutkd.org\/en\/wp-json\/wp\/v2\/comments?post=8900"}],"version-history":[{"count":2,"href":"https:\/\/www.patutkd.org\/en\/wp-json\/wp\/v2\/posts\/8900\/revisions"}],"predecessor-version":[{"id":8905,"href":"https:\/\/www.patutkd.org\/en\/wp-json\/wp\/v2\/posts\/8900\/revisions\/8905"}],"wp:featuredmedia":[{"embeddable":true,"href":"https:\/\/www.patutkd.org\/en\/wp-json\/wp\/v2\/media\/8904"}],"wp:attachment":[{"href":"https:\/\/www.patutkd.org\/en\/wp-json\/wp\/v2\/media?parent=8900"}],"wp:term":[{"taxonomy":"category","embeddable":true,"href":"https:\/\/www.patutkd.org\/en\/wp-json\/wp\/v2\/categories?post=8900"},{"taxonomy":"post_tag","embeddable":true,"href":"https:\/\/www.patutkd.org\/en\/wp-json\/wp\/v2\/tags?post=8900"}],"curies":[{"name":"wp","href":"https:\/\/api.w.org\/{rel}","templated":true}]}}