{"id":13972,"date":"2026-09-03T16:35:08","date_gmt":"2026-09-03T16:35:08","guid":{"rendered":"https:\/\/www.patutkd.org\/?p=13972"},"modified":"2026-09-03T16:35:14","modified_gmt":"2026-09-03T16:35:14","slug":"ecuador-se-encuentra-listo-para-una-semana-intensa-de-taekwondo","status":"publish","type":"post","link":"https:\/\/www.patutkd.org\/en\/ecuador-se-encuentra-listo-para-una-semana-intensa-de-taekwondo\/","title":{"rendered":"Ecuador se encuentra listo para una semana intensa de Taekwondo"},"content":{"rendered":"<p class=\"wp-block-paragraph\">Quito, Ecuador. \u2014 El taekwondo panamericano se prepara para vivir una nueva jornada de competencia y desarrollo con la celebraci\u00f3n del PATU 12 \u201cSue\u00f1os de Campe\u00f3n\u201d y la Copa de Naciones G1, que se llevar\u00e1n a cabo del 9 al 13 de septiembre en Quito, Ecuador.<\/p>\n\n\n\n<p class=\"wp-block-paragraph\">Las actividades comenzar\u00e1n con el PATU 12 \u201cSue\u00f1os de Campe\u00f3n\u201d, programado para los d\u00edas 9 y 10 de septiembre, otorgando puntos para el Ranking PATU y brindando una plataforma de desarrollo para atletas de la regi\u00f3n y cintas de colores. Posteriormente, del 11 al 13 de septiembre, se celebrar\u00e1 la Copa de Naciones G1, evento que forma parte del Ranking Mundial de World Taekwondo (WT) y que reunir\u00e1 a destacados atletas en busca de puntos en el ranking ol\u00edmpico y mundial.<\/p>\n\n\n\n<p class=\"wp-block-paragraph\">Esta agenda representa una nueva oportunidad para que atletas de la familia panamericana contin\u00faen sumando experiencia, puntos y preparaci\u00f3n en su camino hacia los grandes objetivos del ciclo deportivo.<\/p>","protected":false},"excerpt":{"rendered":"<p>Quito, Ecuador. \u2014 El taekwondo panamericano se prepara para vivir una nueva jornada de competencia y desarrollo con la celebraci\u00f3n del PATU 12 \u201cSue\u00f1os de Campe\u00f3n\u201d y la Copa de Naciones G1, que se llevar\u00e1n a cabo del 9 al 13 de septiembre en Quito, Ecuador. Las actividades comenzar\u00e1n con el PATU 12 \u201cSue\u00f1os de Campe\u00f3n\u201d, programado para los d\u00edas 9 y 10 de septiembre, otorgando puntos para el Ranking PATU y brindando una plataforma de desarrollo para atletas de la regi\u00f3n y cintas de colores. Posteriormente, del 11 al 13 de septiembre, se celebrar\u00e1 la Copa de Naciones G1, evento que forma parte del Ranking Mundial de World Taekwondo (WT) y que reunir\u00e1 a destacados atletas en busca de puntos en el ranking ol\u00edmpico y mundial. Esta agenda representa una nueva oportunidad para que atletas de la familia panamericana contin\u00faen sumando experiencia, puntos y preparaci\u00f3n en su camino hacia [&hellip;]<\/p>\n","protected":false},"author":3,"featured_media":13973,"comment_status":"closed","ping_status":"open","sticky":false,"template":"","format":"standard","meta":{"cybocfi_hide_featured_image":"","footnotes":""},"categories":[1],"tags":[],"class_list":["post-13972","post","type-post","status-publish","format-standard","has-post-thumbnail","hentry","category-uncategorized"],"yoast_head":"<!-- This site is optimized with the Yoast SEO plugin v26.7 - https:\/\/yoast.com\/wordpress\/plugins\/seo\/ -->\n<title>Ecuador se encuentra listo para una semana intensa de Taekwondo - PATU | Pan American Taekwondo Union<\/title>\n<meta name=\"robots\" content=\"index, follow, max-snippet:-1, max-image-preview:large, max-video-preview:-1\" \/>\n<link rel=\"canonical\" href=\"https:\/\/www.patutkd.org\/en\/ecuador-se-encuentra-listo-para-una-semana-intensa-de-taekwondo\/\" \/>\n<meta property=\"og:locale\" content=\"en_US\" \/>\n<meta property=\"og:type\" content=\"article\" \/>\n<meta property=\"og:title\" content=\"Ecuador se encuentra listo para una semana intensa de Taekwondo - PATU | Pan American Taekwondo Union\" \/>\n<meta property=\"og:description\" content=\"Quito, Ecuador. \u2014 El taekwondo panamericano se prepara para vivir una nueva jornada de competencia y desarrollo con la celebraci\u00f3n del PATU 12 \u201cSue\u00f1os de Campe\u00f3n\u201d y la Copa de Naciones G1, que se llevar\u00e1n a cabo del 9 al 13 de septiembre en Quito, Ecuador. Las actividades comenzar\u00e1n con el PATU 12 \u201cSue\u00f1os de Campe\u00f3n\u201d, programado para los d\u00edas 9 y 10 de septiembre, otorgando puntos para el Ranking PATU y brindando una plataforma de desarrollo para atletas de la regi\u00f3n y cintas de colores. Posteriormente, del 11 al 13 de septiembre, se celebrar\u00e1 la Copa de Naciones G1, evento que forma parte del Ranking Mundial de World Taekwondo (WT) y que reunir\u00e1 a destacados atletas en busca de puntos en el ranking ol\u00edmpico y mundial. Esta agenda representa una nueva oportunidad para que atletas de la familia panamericana contin\u00faen sumando experiencia, puntos y preparaci\u00f3n en su camino hacia [&hellip;]\" \/>\n<meta property=\"og:url\" content=\"https:\/\/www.patutkd.org\/en\/ecuador-se-encuentra-listo-para-una-semana-intensa-de-taekwondo\/\" \/>\n<meta property=\"og:site_name\" content=\"PATU | Pan American Taekwondo Union\" \/>\n<meta property=\"article:published_time\" content=\"2026-09-03T16:35:08+00:00\" \/>\n<meta property=\"article:modified_time\" content=\"2026-09-03T16:35:14+00:00\" \/>\n<meta property=\"og:image\" content=\"https:\/\/www.patutkd.org\/wp-content\/uploads\/2026\/09\/481506268_659142729980439_5057639237898245018_n.jpg\" \/>\n\t<meta property=\"og:image:width\" content=\"2048\" \/>\n\t<meta property=\"og:image:height\" content=\"1536\" \/>\n\t<meta property=\"og:image:type\" content=\"image\/jpeg\" \/>\n<meta name=\"author\" content=\"administrador patutkd\" \/>\n<meta name=\"twitter:card\" content=\"summary_large_image\" \/>\n<meta name=\"twitter:label1\" content=\"Written by\" \/>\n\t<meta name=\"twitter:data1\" content=\"administrador patutkd\" \/>\n\t<meta name=\"twitter:label2\" content=\"Est. reading time\" \/>\n\t<meta name=\"twitter:data2\" content=\"1 minute\" \/>\n<script type=\"application\/ld+json\" class=\"yoast-schema-graph\">{\"@context\":\"https:\/\/schema.org\",\"@graph\":[{\"@type\":\"Article\",\"@id\":\"https:\/\/www.patutkd.org\/ecuador-se-encuentra-listo-para-una-semana-intensa-de-taekwondo\/#article\",\"isPartOf\":{\"@id\":\"https:\/\/www.patutkd.org\/ecuador-se-encuentra-listo-para-una-semana-intensa-de-taekwondo\/\"},\"author\":{\"name\":\"administrador patutkd\",\"@id\":\"https:\/\/www.patutkd.org\/en\/#\/schema\/person\/347d0190b0033421f8e5c703f46674c0\"},\"headline\":\"Ecuador se encuentra listo para una semana intensa de Taekwondo\",\"datePublished\":\"2026-09-03T16:35:08+00:00\",\"dateModified\":\"2026-09-03T16:35:14+00:00\",\"mainEntityOfPage\":{\"@id\":\"https:\/\/www.patutkd.org\/ecuador-se-encuentra-listo-para-una-semana-intensa-de-taekwondo\/\"},\"wordCount\":169,\"image\":{\"@id\":\"https:\/\/www.patutkd.org\/ecuador-se-encuentra-listo-para-una-semana-intensa-de-taekwondo\/#primaryimage\"},\"thumbnailUrl\":\"https:\/\/www.patutkd.org\/wp-content\/uploads\/2026\/09\/481506268_659142729980439_5057639237898245018_n.jpg\",\"inLanguage\":\"en-US\"},{\"@type\":\"WebPage\",\"@id\":\"https:\/\/www.patutkd.org\/ecuador-se-encuentra-listo-para-una-semana-intensa-de-taekwondo\/\",\"url\":\"https:\/\/www.patutkd.org\/ecuador-se-encuentra-listo-para-una-semana-intensa-de-taekwondo\/\",\"name\":\"Ecuador se encuentra listo para una semana intensa de Taekwondo - PATU | Pan American Taekwondo Union\",\"isPartOf\":{\"@id\":\"https:\/\/www.patutkd.org\/en\/#website\"},\"primaryImageOfPage\":{\"@id\":\"https:\/\/www.patutkd.org\/ecuador-se-encuentra-listo-para-una-semana-intensa-de-taekwondo\/#primaryimage\"},\"image\":{\"@id\":\"https:\/\/www.patutkd.org\/ecuador-se-encuentra-listo-para-una-semana-intensa-de-taekwondo\/#primaryimage\"},\"thumbnailUrl\":\"https:\/\/www.patutkd.org\/wp-content\/uploads\/2026\/09\/481506268_659142729980439_5057639237898245018_n.jpg\",\"datePublished\":\"2026-09-03T16:35:08+00:00\",\"dateModified\":\"2026-09-03T16:35:14+00:00\",\"author\":{\"@id\":\"https:\/\/www.patutkd.org\/en\/#\/schema\/person\/347d0190b0033421f8e5c703f46674c0\"},\"breadcrumb\":{\"@id\":\"https:\/\/www.patutkd.org\/ecuador-se-encuentra-listo-para-una-semana-intensa-de-taekwondo\/#breadcrumb\"},\"inLanguage\":\"en-US\",\"potentialAction\":[{\"@type\":\"ReadAction\",\"target\":[\"https:\/\/www.patutkd.org\/ecuador-se-encuentra-listo-para-una-semana-intensa-de-taekwondo\/\"]}]},{\"@type\":\"ImageObject\",\"inLanguage\":\"en-US\",\"@id\":\"https:\/\/www.patutkd.org\/ecuador-se-encuentra-listo-para-una-semana-intensa-de-taekwondo\/#primaryimage\",\"url\":\"https:\/\/www.patutkd.org\/wp-content\/uploads\/2026\/09\/481506268_659142729980439_5057639237898245018_n.jpg\",\"contentUrl\":\"https:\/\/www.patutkd.org\/wp-content\/uploads\/2026\/09\/481506268_659142729980439_5057639237898245018_n.jpg\",\"width\":2048,\"height\":1536},{\"@type\":\"BreadcrumbList\",\"@id\":\"https:\/\/www.patutkd.org\/ecuador-se-encuentra-listo-para-una-semana-intensa-de-taekwondo\/#breadcrumb\",\"itemListElement\":[{\"@type\":\"ListItem\",\"position\":1,\"name\":\"Inicio\",\"item\":\"https:\/\/www.patutkd.org\/\"},{\"@type\":\"ListItem\",\"position\":2,\"name\":\"Ecuador se encuentra listo para una semana intensa de Taekwondo\"}]},{\"@type\":\"WebSite\",\"@id\":\"https:\/\/www.patutkd.org\/en\/#website\",\"url\":\"https:\/\/www.patutkd.org\/en\/\",\"name\":\"PATU | Pan American Taekwondo Union\",\"description\":\"\",\"potentialAction\":[{\"@type\":\"SearchAction\",\"target\":{\"@type\":\"EntryPoint\",\"urlTemplate\":\"https:\/\/www.patutkd.org\/en\/?s={search_term_string}\"},\"query-input\":{\"@type\":\"PropertyValueSpecification\",\"valueRequired\":true,\"valueName\":\"search_term_string\"}}],\"inLanguage\":\"en-US\"},{\"@type\":\"Person\",\"@id\":\"https:\/\/www.patutkd.org\/en\/#\/schema\/person\/347d0190b0033421f8e5c703f46674c0\",\"name\":\"administrador patutkd\",\"image\":{\"@type\":\"ImageObject\",\"inLanguage\":\"en-US\",\"@id\":\"https:\/\/www.patutkd.org\/en\/#\/schema\/person\/image\/\",\"url\":\"https:\/\/secure.gravatar.com\/avatar\/e804420b29e5d0e18047e92c6d70c99f49295340ec61fde9685872e38df0a3ba?s=96&d=mm&r=g\",\"contentUrl\":\"https:\/\/secure.gravatar.com\/avatar\/e804420b29e5d0e18047e92c6d70c99f49295340ec61fde9685872e38df0a3ba?s=96&d=mm&r=g\",\"caption\":\"administrador patutkd\"},\"url\":\"https:\/\/www.patutkd.org\/en\/author\/patutkd\/\"}]}<\/script>\n<!-- \/ Yoast SEO plugin. -->","yoast_head_json":{"title":"Ecuador se encuentra listo para una semana intensa de Taekwondo - PATU | Pan American Taekwondo Union","robots":{"index":"index","follow":"follow","max-snippet":"max-snippet:-1","max-image-preview":"max-image-preview:large","max-video-preview":"max-video-preview:-1"},"canonical":"https:\/\/www.patutkd.org\/en\/ecuador-se-encuentra-listo-para-una-semana-intensa-de-taekwondo\/","og_locale":"en_US","og_type":"article","og_title":"Ecuador se encuentra listo para una semana intensa de Taekwondo - PATU | Pan American Taekwondo Union","og_description":"Quito, Ecuador. \u2014 El taekwondo panamericano se prepara para vivir una nueva jornada de competencia y desarrollo con la celebraci\u00f3n del PATU 12 \u201cSue\u00f1os de Campe\u00f3n\u201d y la Copa de Naciones G1, que se llevar\u00e1n a cabo del 9 al 13 de septiembre en Quito, Ecuador. Las actividades comenzar\u00e1n con el PATU 12 \u201cSue\u00f1os de Campe\u00f3n\u201d, programado para los d\u00edas 9 y 10 de septiembre, otorgando puntos para el Ranking PATU y brindando una plataforma de desarrollo para atletas de la regi\u00f3n y cintas de colores. Posteriormente, del 11 al 13 de septiembre, se celebrar\u00e1 la Copa de Naciones G1, evento que forma parte del Ranking Mundial de World Taekwondo (WT) y que reunir\u00e1 a destacados atletas en busca de puntos en el ranking ol\u00edmpico y mundial. Esta agenda representa una nueva oportunidad para que atletas de la familia panamericana contin\u00faen sumando experiencia, puntos y preparaci\u00f3n en su camino hacia [&hellip;]","og_url":"https:\/\/www.patutkd.org\/en\/ecuador-se-encuentra-listo-para-una-semana-intensa-de-taekwondo\/","og_site_name":"PATU | Pan American Taekwondo Union","article_published_time":"2026-09-03T16:35:08+00:00","article_modified_time":"2026-09-03T16:35:14+00:00","og_image":[{"width":2048,"height":1536,"url":"https:\/\/www.patutkd.org\/wp-content\/uploads\/2026\/09\/481506268_659142729980439_5057639237898245018_n.jpg","type":"image\/jpeg"}],"author":"administrador patutkd","twitter_card":"summary_large_image","twitter_misc":{"Written by":"administrador patutkd","Est. reading time":"1 minute"},"schema":{"@context":"https:\/\/schema.org","@graph":[{"@type":"Article","@id":"https:\/\/www.patutkd.org\/ecuador-se-encuentra-listo-para-una-semana-intensa-de-taekwondo\/#article","isPartOf":{"@id":"https:\/\/www.patutkd.org\/ecuador-se-encuentra-listo-para-una-semana-intensa-de-taekwondo\/"},"author":{"name":"administrador patutkd","@id":"https:\/\/www.patutkd.org\/en\/#\/schema\/person\/347d0190b0033421f8e5c703f46674c0"},"headline":"Ecuador se encuentra listo para una semana intensa de Taekwondo","datePublished":"2026-09-03T16:35:08+00:00","dateModified":"2026-09-03T16:35:14+00:00","mainEntityOfPage":{"@id":"https:\/\/www.patutkd.org\/ecuador-se-encuentra-listo-para-una-semana-intensa-de-taekwondo\/"},"wordCount":169,"image":{"@id":"https:\/\/www.patutkd.org\/ecuador-se-encuentra-listo-para-una-semana-intensa-de-taekwondo\/#primaryimage"},"thumbnailUrl":"https:\/\/www.patutkd.org\/wp-content\/uploads\/2026\/09\/481506268_659142729980439_5057639237898245018_n.jpg","inLanguage":"en-US"},{"@type":"WebPage","@id":"https:\/\/www.patutkd.org\/ecuador-se-encuentra-listo-para-una-semana-intensa-de-taekwondo\/","url":"https:\/\/www.patutkd.org\/ecuador-se-encuentra-listo-para-una-semana-intensa-de-taekwondo\/","name":"Ecuador se encuentra listo para una semana intensa de Taekwondo - PATU | Pan American Taekwondo Union","isPartOf":{"@id":"https:\/\/www.patutkd.org\/en\/#website"},"primaryImageOfPage":{"@id":"https:\/\/www.patutkd.org\/ecuador-se-encuentra-listo-para-una-semana-intensa-de-taekwondo\/#primaryimage"},"image":{"@id":"https:\/\/www.patutkd.org\/ecuador-se-encuentra-listo-para-una-semana-intensa-de-taekwondo\/#primaryimage"},"thumbnailUrl":"https:\/\/www.patutkd.org\/wp-content\/uploads\/2026\/09\/481506268_659142729980439_5057639237898245018_n.jpg","datePublished":"2026-09-03T16:35:08+00:00","dateModified":"2026-09-03T16:35:14+00:00","author":{"@id":"https:\/\/www.patutkd.org\/en\/#\/schema\/person\/347d0190b0033421f8e5c703f46674c0"},"breadcrumb":{"@id":"https:\/\/www.patutkd.org\/ecuador-se-encuentra-listo-para-una-semana-intensa-de-taekwondo\/#breadcrumb"},"inLanguage":"en-US","potentialAction":[{"@type":"ReadAction","target":["https:\/\/www.patutkd.org\/ecuador-se-encuentra-listo-para-una-semana-intensa-de-taekwondo\/"]}]},{"@type":"ImageObject","inLanguage":"en-US","@id":"https:\/\/www.patutkd.org\/ecuador-se-encuentra-listo-para-una-semana-intensa-de-taekwondo\/#primaryimage","url":"https:\/\/www.patutkd.org\/wp-content\/uploads\/2026\/09\/481506268_659142729980439_5057639237898245018_n.jpg","contentUrl":"https:\/\/www.patutkd.org\/wp-content\/uploads\/2026\/09\/481506268_659142729980439_5057639237898245018_n.jpg","width":2048,"height":1536},{"@type":"BreadcrumbList","@id":"https:\/\/www.patutkd.org\/ecuador-se-encuentra-listo-para-una-semana-intensa-de-taekwondo\/#breadcrumb","itemListElement":[{"@type":"ListItem","position":1,"name":"Inicio","item":"https:\/\/www.patutkd.org\/"},{"@type":"ListItem","position":2,"name":"Ecuador se encuentra listo para una semana intensa de Taekwondo"}]},{"@type":"WebSite","@id":"https:\/\/www.patutkd.org\/en\/#website","url":"https:\/\/www.patutkd.org\/en\/","name":"PATU | Pan American Taekwondo Union","description":"","potentialAction":[{"@type":"SearchAction","target":{"@type":"EntryPoint","urlTemplate":"https:\/\/www.patutkd.org\/en\/?s={search_term_string}"},"query-input":{"@type":"PropertyValueSpecification","valueRequired":true,"valueName":"search_term_string"}}],"inLanguage":"en-US"},{"@type":"Person","@id":"https:\/\/www.patutkd.org\/en\/#\/schema\/person\/347d0190b0033421f8e5c703f46674c0","name":"administrador patutkd","image":{"@type":"ImageObject","inLanguage":"en-US","@id":"https:\/\/www.patutkd.org\/en\/#\/schema\/person\/image\/","url":"https:\/\/secure.gravatar.com\/avatar\/e804420b29e5d0e18047e92c6d70c99f49295340ec61fde9685872e38df0a3ba?s=96&d=mm&r=g","contentUrl":"https:\/\/secure.gravatar.com\/avatar\/e804420b29e5d0e18047e92c6d70c99f49295340ec61fde9685872e38df0a3ba?s=96&d=mm&r=g","caption":"administrador patutkd"},"url":"https:\/\/www.patutkd.org\/en\/author\/patutkd\/"}]}},"_links":{"self":[{"href":"https:\/\/www.patutkd.org\/en\/wp-json\/wp\/v2\/posts\/13972","targetHints":{"allow":["GET"]}}],"collection":[{"href":"https:\/\/www.patutkd.org\/en\/wp-json\/wp\/v2\/posts"}],"about":[{"href":"https:\/\/www.patutkd.org\/en\/wp-json\/wp\/v2\/types\/post"}],"author":[{"embeddable":true,"href":"https:\/\/www.patutkd.org\/en\/wp-json\/wp\/v2\/users\/3"}],"replies":[{"embeddable":true,"href":"https:\/\/www.patutkd.org\/en\/wp-json\/wp\/v2\/comments?post=13972"}],"version-history":[{"count":1,"href":"https:\/\/www.patutkd.org\/en\/wp-json\/wp\/v2\/posts\/13972\/revisions"}],"predecessor-version":[{"id":13974,"href":"https:\/\/www.patutkd.org\/en\/wp-json\/wp\/v2\/posts\/13972\/revisions\/13974"}],"wp:featuredmedia":[{"embeddable":true,"href":"https:\/\/www.patutkd.org\/en\/wp-json\/wp\/v2\/media\/13973"}],"wp:attachment":[{"href":"https:\/\/www.patutkd.org\/en\/wp-json\/wp\/v2\/media?parent=13972"}],"wp:term":[{"taxonomy":"category","embeddable":true,"href":"https:\/\/www.patutkd.org\/en\/wp-json\/wp\/v2\/categories?post=13972"},{"taxonomy":"post_tag","embeddable":true,"href":"https:\/\/www.patutkd.org\/en\/wp-json\/wp\/v2\/tags?post=13972"}],"curies":[{"name":"wp","href":"https:\/\/api.w.org\/{rel}","templated":true}]}}