{"id":11135,"date":"2023-10-11T03:01:50","date_gmt":"2023-10-11T03:01:50","guid":{"rendered":"https:\/\/www.patutkd.org\/?p=11135"},"modified":"2025-08-29T18:35:00","modified_gmt":"2025-08-29T18:35:00","slug":"queretaro-sede-de-la-ceremonia-del-salon-de-la-fama-y-cena-de-gala-2023","status":"publish","type":"post","link":"https:\/\/www.patutkd.org\/en\/queretaro-sede-de-la-ceremonia-del-salon-de-la-fama-y-cena-de-gala-2023\/","title":{"rendered":"Quer\u00e9taro to host the 2023 Hall of Fame Ceremony and Gala Dinner"},"content":{"rendered":"<p><strong>Aguascalientes,MEX (10\/10\/2023).-<\/strong> The second edition of the Pan American Taekwondo Hall of Fame Induction Ceremony and the Pan American Taekwondo Union (PATU) Gala Dinner will be held in Queretaro, Mexico, on January 28, 2024.<\/p>\n\n\n\n<p>In November 2022, Guadalajara hosted this important and historic tribute that honors and recognizes the efforts of the best athletes, coaches, referees and National Federations of the year, in addition to immortalizing the living legacy of the great taekwondo legends of the continent.<\/p>\n\n\n\n<p>\"Our Advisory Committee is currently analyzing the nominees from each of the countries in each of the categories. For this administration, both the Gala Dinner and the Hall of Fame are two transcendental events in the current administration\", emphasizes LAE. Juan Manuel L\u00f3pez Delgado, president of PATU and vice president of WT.<\/p>\n\n\n\n<p>In 2022, World Taekwondo awarded PATU as the best Continental Union in the world during the WT Gala Dinner in the <strong>Alkhozam Hall de Riyadh.<\/strong><\/p>\n\n\n\n<p>The Panamerican Taekwondo Union was <strong>founded in September 1977<\/strong> within the framework of the third edition of the World Taekwondo Championship (September 14 - 17, 1977) in Chicago, Illinois, USA. Since then, this Continental Union had never been awarded by World Taekwondo with the highest distinction for the work of the year.<\/p>\n\n\n\n<p>In addition, PATU had not celebrated a Gala Dinner or immortalized personalities for their work, legacy and contribution to the development of taekwondo in the area, as was done last November 12, 2022 in Guadalajara and as will continue in January 2024 in Queretaro.<\/p>","protected":false},"excerpt":{"rendered":"<p>Aguascalientes,MEX (10\/10\/2023).- La segunda edici\u00f3n de los actos de exaltaci\u00f3n de personalidades al Sal\u00f3n de la Fama del Taekwondo Panamericano, as\u00ed como de la Cena de Gala de la Uni\u00f3n Panamericana (PATU), se realizar\u00e1n en Quer\u00e9taro, M\u00e9xico, el 28 de enero del 2024. En noviembre de 2022, Guadalajara alberg\u00f3 este importante e hist\u00f3rico homenaje que honra y reconoce el esfuerzo de los mejores atletas, entrenadores, \u00e1rbitros y Federaciones Nacionales del a\u00f1o, adem\u00e1s de inmortalizar el legado en vida de las grandes leyendas del taekwondo en el continente. &#8220;Actualmente nuestro Comit\u00e9 de Asesores se encuentra analizando los postulados de cada uno de los pa\u00edses en cada una de las categor\u00edas. Para esta administraci\u00f3n tanto la Cena de Gala como el Sal\u00f3n de la Fama constituyen dos hechos trascendentales en la actual gesti\u00f3n&#8221;, destaca el LAE. Juan Manuel L\u00f3pez Delgado, presidente de PATU y vicepresidente de WT. En 2022, World Taekwondo galardon\u00f3 [&hellip;]<\/p>","protected":false},"author":3,"featured_media":11134,"comment_status":"closed","ping_status":"open","sticky":false,"template":"","format":"standard","meta":{"cybocfi_hide_featured_image":"","footnotes":""},"categories":[278],"tags":[],"class_list":["post-11135","post","type-post","status-publish","format-standard","has-post-thumbnail","hentry","category-espanol"],"yoast_head":"<!-- This site is optimized with the Yoast SEO plugin v26.7 - https:\/\/yoast.com\/wordpress\/plugins\/seo\/ -->\n<title>Quer\u00e9taro, sede de la ceremonia del Sal\u00f3n de la Fama y Cena de Gala 2023 - PATU | Pan American Taekwondo Union<\/title>\n<meta name=\"robots\" content=\"index, follow, max-snippet:-1, max-image-preview:large, max-video-preview:-1\" \/>\n<link rel=\"canonical\" href=\"https:\/\/www.patutkd.org\/en\/queretaro-sede-de-la-ceremonia-del-salon-de-la-fama-y-cena-de-gala-2023\/\" \/>\n<meta property=\"og:locale\" content=\"en_US\" \/>\n<meta property=\"og:type\" content=\"article\" \/>\n<meta property=\"og:title\" content=\"Quer\u00e9taro, sede de la ceremonia del Sal\u00f3n de la Fama y Cena de Gala 2023 - PATU | Pan American Taekwondo Union\" \/>\n<meta property=\"og:description\" content=\"Aguascalientes,MEX (10\/10\/2023).- La segunda edici\u00f3n de los actos de exaltaci\u00f3n de personalidades al Sal\u00f3n de la Fama del Taekwondo Panamericano, as\u00ed como de la Cena de Gala de la Uni\u00f3n Panamericana (PATU), se realizar\u00e1n en Quer\u00e9taro, M\u00e9xico, el 28 de enero del 2024. En noviembre de 2022, Guadalajara alberg\u00f3 este importante e hist\u00f3rico homenaje que honra y reconoce el esfuerzo de los mejores atletas, entrenadores, \u00e1rbitros y Federaciones Nacionales del a\u00f1o, adem\u00e1s de inmortalizar el legado en vida de las grandes leyendas del taekwondo en el continente. &#8220;Actualmente nuestro Comit\u00e9 de Asesores se encuentra analizando los postulados de cada uno de los pa\u00edses en cada una de las categor\u00edas. Para esta administraci\u00f3n tanto la Cena de Gala como el Sal\u00f3n de la Fama constituyen dos hechos trascendentales en la actual gesti\u00f3n&#8221;, destaca el LAE. Juan Manuel L\u00f3pez Delgado, presidente de PATU y vicepresidente de WT. En 2022, World Taekwondo galardon\u00f3 [&hellip;]\" \/>\n<meta property=\"og:url\" content=\"https:\/\/www.patutkd.org\/en\/queretaro-sede-de-la-ceremonia-del-salon-de-la-fama-y-cena-de-gala-2023\/\" \/>\n<meta property=\"og:site_name\" content=\"PATU | Pan American Taekwondo Union\" \/>\n<meta property=\"article:published_time\" content=\"2023-10-11T03:01:50+00:00\" \/>\n<meta property=\"article:modified_time\" content=\"2025-08-29T18:35:00+00:00\" \/>\n<meta property=\"og:image\" content=\"https:\/\/www.patutkd.org\/wp-content\/uploads\/2023\/10\/IMG_20231010_143457_133.jpg\" \/>\n\t<meta property=\"og:image:width\" content=\"1024\" \/>\n\t<meta property=\"og:image:height\" content=\"1280\" \/>\n\t<meta property=\"og:image:type\" content=\"image\/jpeg\" \/>\n<meta name=\"author\" content=\"administrador patutkd\" \/>\n<meta name=\"twitter:card\" content=\"summary_large_image\" \/>\n<meta name=\"twitter:label1\" content=\"Written by\" \/>\n\t<meta name=\"twitter:data1\" content=\"administrador patutkd\" \/>\n\t<meta name=\"twitter:label2\" content=\"Est. reading time\" \/>\n\t<meta name=\"twitter:data2\" content=\"1 minute\" \/>\n<script type=\"application\/ld+json\" class=\"yoast-schema-graph\">{\"@context\":\"https:\/\/schema.org\",\"@graph\":[{\"@type\":\"Article\",\"@id\":\"https:\/\/www.patutkd.org\/queretaro-sede-de-la-ceremonia-del-salon-de-la-fama-y-cena-de-gala-2023\/#article\",\"isPartOf\":{\"@id\":\"https:\/\/www.patutkd.org\/queretaro-sede-de-la-ceremonia-del-salon-de-la-fama-y-cena-de-gala-2023\/\"},\"author\":{\"name\":\"administrador patutkd\",\"@id\":\"https:\/\/www.patutkd.org\/#\/schema\/person\/2dd5df8e67b5c8e99c15cc2a30e0944c\"},\"headline\":\"Quer\u00e9taro, sede de la ceremonia del Sal\u00f3n de la Fama y Cena de Gala 2023\",\"datePublished\":\"2023-10-11T03:01:50+00:00\",\"dateModified\":\"2025-08-29T18:35:00+00:00\",\"mainEntityOfPage\":{\"@id\":\"https:\/\/www.patutkd.org\/queretaro-sede-de-la-ceremonia-del-salon-de-la-fama-y-cena-de-gala-2023\/\"},\"wordCount\":313,\"image\":{\"@id\":\"https:\/\/www.patutkd.org\/queretaro-sede-de-la-ceremonia-del-salon-de-la-fama-y-cena-de-gala-2023\/#primaryimage\"},\"thumbnailUrl\":\"https:\/\/www.patutkd.org\/wp-content\/uploads\/2023\/10\/IMG_20231010_143457_133.jpg\",\"articleSection\":[\"Espa\u00f1ol\"],\"inLanguage\":\"en-US\"},{\"@type\":\"WebPage\",\"@id\":\"https:\/\/www.patutkd.org\/queretaro-sede-de-la-ceremonia-del-salon-de-la-fama-y-cena-de-gala-2023\/\",\"url\":\"https:\/\/www.patutkd.org\/queretaro-sede-de-la-ceremonia-del-salon-de-la-fama-y-cena-de-gala-2023\/\",\"name\":\"Quer\u00e9taro, sede de la ceremonia del Sal\u00f3n de la Fama y Cena de Gala 2023 - PATU | Pan American Taekwondo Union\",\"isPartOf\":{\"@id\":\"https:\/\/www.patutkd.org\/#website\"},\"primaryImageOfPage\":{\"@id\":\"https:\/\/www.patutkd.org\/queretaro-sede-de-la-ceremonia-del-salon-de-la-fama-y-cena-de-gala-2023\/#primaryimage\"},\"image\":{\"@id\":\"https:\/\/www.patutkd.org\/queretaro-sede-de-la-ceremonia-del-salon-de-la-fama-y-cena-de-gala-2023\/#primaryimage\"},\"thumbnailUrl\":\"https:\/\/www.patutkd.org\/wp-content\/uploads\/2023\/10\/IMG_20231010_143457_133.jpg\",\"datePublished\":\"2023-10-11T03:01:50+00:00\",\"dateModified\":\"2025-08-29T18:35:00+00:00\",\"author\":{\"@id\":\"https:\/\/www.patutkd.org\/#\/schema\/person\/2dd5df8e67b5c8e99c15cc2a30e0944c\"},\"breadcrumb\":{\"@id\":\"https:\/\/www.patutkd.org\/queretaro-sede-de-la-ceremonia-del-salon-de-la-fama-y-cena-de-gala-2023\/#breadcrumb\"},\"inLanguage\":\"en-US\",\"potentialAction\":[{\"@type\":\"ReadAction\",\"target\":[\"https:\/\/www.patutkd.org\/queretaro-sede-de-la-ceremonia-del-salon-de-la-fama-y-cena-de-gala-2023\/\"]}]},{\"@type\":\"ImageObject\",\"inLanguage\":\"en-US\",\"@id\":\"https:\/\/www.patutkd.org\/queretaro-sede-de-la-ceremonia-del-salon-de-la-fama-y-cena-de-gala-2023\/#primaryimage\",\"url\":\"https:\/\/www.patutkd.org\/wp-content\/uploads\/2023\/10\/IMG_20231010_143457_133.jpg\",\"contentUrl\":\"https:\/\/www.patutkd.org\/wp-content\/uploads\/2023\/10\/IMG_20231010_143457_133.jpg\",\"width\":1024,\"height\":1280},{\"@type\":\"BreadcrumbList\",\"@id\":\"https:\/\/www.patutkd.org\/queretaro-sede-de-la-ceremonia-del-salon-de-la-fama-y-cena-de-gala-2023\/#breadcrumb\",\"itemListElement\":[{\"@type\":\"ListItem\",\"position\":1,\"name\":\"Inicio\",\"item\":\"https:\/\/www.patutkd.org\/\"},{\"@type\":\"ListItem\",\"position\":2,\"name\":\"Quer\u00e9taro, sede de la ceremonia del Sal\u00f3n de la Fama y Cena de Gala 2023\"}]},{\"@type\":\"WebSite\",\"@id\":\"https:\/\/www.patutkd.org\/#website\",\"url\":\"https:\/\/www.patutkd.org\/\",\"name\":\"PATU | Pan American Taekwondo Union\",\"description\":\"\",\"potentialAction\":[{\"@type\":\"SearchAction\",\"target\":{\"@type\":\"EntryPoint\",\"urlTemplate\":\"https:\/\/www.patutkd.org\/?s={search_term_string}\"},\"query-input\":{\"@type\":\"PropertyValueSpecification\",\"valueRequired\":true,\"valueName\":\"search_term_string\"}}],\"inLanguage\":\"en-US\"},{\"@type\":\"Person\",\"@id\":\"https:\/\/www.patutkd.org\/#\/schema\/person\/2dd5df8e67b5c8e99c15cc2a30e0944c\",\"name\":\"administrador patutkd\",\"image\":{\"@type\":\"ImageObject\",\"inLanguage\":\"en-US\",\"@id\":\"https:\/\/www.patutkd.org\/#\/schema\/person\/image\/\",\"url\":\"https:\/\/secure.gravatar.com\/avatar\/e804420b29e5d0e18047e92c6d70c99f49295340ec61fde9685872e38df0a3ba?s=96&d=mm&r=g\",\"contentUrl\":\"https:\/\/secure.gravatar.com\/avatar\/e804420b29e5d0e18047e92c6d70c99f49295340ec61fde9685872e38df0a3ba?s=96&d=mm&r=g\",\"caption\":\"administrador patutkd\"},\"url\":\"https:\/\/www.patutkd.org\/en\/author\/patutkd\/\"}]}<\/script>\n<!-- \/ Yoast SEO plugin. -->","yoast_head_json":{"title":"Quer\u00e9taro, sede de la ceremonia del Sal\u00f3n de la Fama y Cena de Gala 2023 - PATU | Pan American Taekwondo Union","robots":{"index":"index","follow":"follow","max-snippet":"max-snippet:-1","max-image-preview":"max-image-preview:large","max-video-preview":"max-video-preview:-1"},"canonical":"https:\/\/www.patutkd.org\/en\/queretaro-sede-de-la-ceremonia-del-salon-de-la-fama-y-cena-de-gala-2023\/","og_locale":"en_US","og_type":"article","og_title":"Quer\u00e9taro, sede de la ceremonia del Sal\u00f3n de la Fama y Cena de Gala 2023 - PATU | Pan American Taekwondo Union","og_description":"Aguascalientes,MEX (10\/10\/2023).- La segunda edici\u00f3n de los actos de exaltaci\u00f3n de personalidades al Sal\u00f3n de la Fama del Taekwondo Panamericano, as\u00ed como de la Cena de Gala de la Uni\u00f3n Panamericana (PATU), se realizar\u00e1n en Quer\u00e9taro, M\u00e9xico, el 28 de enero del 2024. En noviembre de 2022, Guadalajara alberg\u00f3 este importante e hist\u00f3rico homenaje que honra y reconoce el esfuerzo de los mejores atletas, entrenadores, \u00e1rbitros y Federaciones Nacionales del a\u00f1o, adem\u00e1s de inmortalizar el legado en vida de las grandes leyendas del taekwondo en el continente. &#8220;Actualmente nuestro Comit\u00e9 de Asesores se encuentra analizando los postulados de cada uno de los pa\u00edses en cada una de las categor\u00edas. Para esta administraci\u00f3n tanto la Cena de Gala como el Sal\u00f3n de la Fama constituyen dos hechos trascendentales en la actual gesti\u00f3n&#8221;, destaca el LAE. Juan Manuel L\u00f3pez Delgado, presidente de PATU y vicepresidente de WT. En 2022, World Taekwondo galardon\u00f3 [&hellip;]","og_url":"https:\/\/www.patutkd.org\/en\/queretaro-sede-de-la-ceremonia-del-salon-de-la-fama-y-cena-de-gala-2023\/","og_site_name":"PATU | Pan American Taekwondo Union","article_published_time":"2023-10-11T03:01:50+00:00","article_modified_time":"2025-08-29T18:35:00+00:00","og_image":[{"width":1024,"height":1280,"url":"https:\/\/www.patutkd.org\/wp-content\/uploads\/2023\/10\/IMG_20231010_143457_133.jpg","type":"image\/jpeg"}],"author":"administrador patutkd","twitter_card":"summary_large_image","twitter_misc":{"Written by":"administrador patutkd","Est. reading time":"1 minute"},"schema":{"@context":"https:\/\/schema.org","@graph":[{"@type":"Article","@id":"https:\/\/www.patutkd.org\/queretaro-sede-de-la-ceremonia-del-salon-de-la-fama-y-cena-de-gala-2023\/#article","isPartOf":{"@id":"https:\/\/www.patutkd.org\/queretaro-sede-de-la-ceremonia-del-salon-de-la-fama-y-cena-de-gala-2023\/"},"author":{"name":"administrador patutkd","@id":"https:\/\/www.patutkd.org\/#\/schema\/person\/2dd5df8e67b5c8e99c15cc2a30e0944c"},"headline":"Quer\u00e9taro, sede de la ceremonia del Sal\u00f3n de la Fama y Cena de Gala 2023","datePublished":"2023-10-11T03:01:50+00:00","dateModified":"2025-08-29T18:35:00+00:00","mainEntityOfPage":{"@id":"https:\/\/www.patutkd.org\/queretaro-sede-de-la-ceremonia-del-salon-de-la-fama-y-cena-de-gala-2023\/"},"wordCount":313,"image":{"@id":"https:\/\/www.patutkd.org\/queretaro-sede-de-la-ceremonia-del-salon-de-la-fama-y-cena-de-gala-2023\/#primaryimage"},"thumbnailUrl":"https:\/\/www.patutkd.org\/wp-content\/uploads\/2023\/10\/IMG_20231010_143457_133.jpg","articleSection":["Espa\u00f1ol"],"inLanguage":"en-US"},{"@type":"WebPage","@id":"https:\/\/www.patutkd.org\/queretaro-sede-de-la-ceremonia-del-salon-de-la-fama-y-cena-de-gala-2023\/","url":"https:\/\/www.patutkd.org\/queretaro-sede-de-la-ceremonia-del-salon-de-la-fama-y-cena-de-gala-2023\/","name":"Quer\u00e9taro, sede de la ceremonia del Sal\u00f3n de la Fama y Cena de Gala 2023 - PATU | Pan American Taekwondo Union","isPartOf":{"@id":"https:\/\/www.patutkd.org\/#website"},"primaryImageOfPage":{"@id":"https:\/\/www.patutkd.org\/queretaro-sede-de-la-ceremonia-del-salon-de-la-fama-y-cena-de-gala-2023\/#primaryimage"},"image":{"@id":"https:\/\/www.patutkd.org\/queretaro-sede-de-la-ceremonia-del-salon-de-la-fama-y-cena-de-gala-2023\/#primaryimage"},"thumbnailUrl":"https:\/\/www.patutkd.org\/wp-content\/uploads\/2023\/10\/IMG_20231010_143457_133.jpg","datePublished":"2023-10-11T03:01:50+00:00","dateModified":"2025-08-29T18:35:00+00:00","author":{"@id":"https:\/\/www.patutkd.org\/#\/schema\/person\/2dd5df8e67b5c8e99c15cc2a30e0944c"},"breadcrumb":{"@id":"https:\/\/www.patutkd.org\/queretaro-sede-de-la-ceremonia-del-salon-de-la-fama-y-cena-de-gala-2023\/#breadcrumb"},"inLanguage":"en-US","potentialAction":[{"@type":"ReadAction","target":["https:\/\/www.patutkd.org\/queretaro-sede-de-la-ceremonia-del-salon-de-la-fama-y-cena-de-gala-2023\/"]}]},{"@type":"ImageObject","inLanguage":"en-US","@id":"https:\/\/www.patutkd.org\/queretaro-sede-de-la-ceremonia-del-salon-de-la-fama-y-cena-de-gala-2023\/#primaryimage","url":"https:\/\/www.patutkd.org\/wp-content\/uploads\/2023\/10\/IMG_20231010_143457_133.jpg","contentUrl":"https:\/\/www.patutkd.org\/wp-content\/uploads\/2023\/10\/IMG_20231010_143457_133.jpg","width":1024,"height":1280},{"@type":"BreadcrumbList","@id":"https:\/\/www.patutkd.org\/queretaro-sede-de-la-ceremonia-del-salon-de-la-fama-y-cena-de-gala-2023\/#breadcrumb","itemListElement":[{"@type":"ListItem","position":1,"name":"Inicio","item":"https:\/\/www.patutkd.org\/"},{"@type":"ListItem","position":2,"name":"Quer\u00e9taro, sede de la ceremonia del Sal\u00f3n de la Fama y Cena de Gala 2023"}]},{"@type":"WebSite","@id":"https:\/\/www.patutkd.org\/#website","url":"https:\/\/www.patutkd.org\/","name":"PATU | Pan American Taekwondo Union","description":"","potentialAction":[{"@type":"SearchAction","target":{"@type":"EntryPoint","urlTemplate":"https:\/\/www.patutkd.org\/?s={search_term_string}"},"query-input":{"@type":"PropertyValueSpecification","valueRequired":true,"valueName":"search_term_string"}}],"inLanguage":"en-US"},{"@type":"Person","@id":"https:\/\/www.patutkd.org\/#\/schema\/person\/2dd5df8e67b5c8e99c15cc2a30e0944c","name":"administrador patutkd","image":{"@type":"ImageObject","inLanguage":"en-US","@id":"https:\/\/www.patutkd.org\/#\/schema\/person\/image\/","url":"https:\/\/secure.gravatar.com\/avatar\/e804420b29e5d0e18047e92c6d70c99f49295340ec61fde9685872e38df0a3ba?s=96&d=mm&r=g","contentUrl":"https:\/\/secure.gravatar.com\/avatar\/e804420b29e5d0e18047e92c6d70c99f49295340ec61fde9685872e38df0a3ba?s=96&d=mm&r=g","caption":"administrador patutkd"},"url":"https:\/\/www.patutkd.org\/en\/author\/patutkd\/"}]}},"_links":{"self":[{"href":"https:\/\/www.patutkd.org\/en\/wp-json\/wp\/v2\/posts\/11135","targetHints":{"allow":["GET"]}}],"collection":[{"href":"https:\/\/www.patutkd.org\/en\/wp-json\/wp\/v2\/posts"}],"about":[{"href":"https:\/\/www.patutkd.org\/en\/wp-json\/wp\/v2\/types\/post"}],"author":[{"embeddable":true,"href":"https:\/\/www.patutkd.org\/en\/wp-json\/wp\/v2\/users\/3"}],"replies":[{"embeddable":true,"href":"https:\/\/www.patutkd.org\/en\/wp-json\/wp\/v2\/comments?post=11135"}],"version-history":[{"count":1,"href":"https:\/\/www.patutkd.org\/en\/wp-json\/wp\/v2\/posts\/11135\/revisions"}],"predecessor-version":[{"id":11136,"href":"https:\/\/www.patutkd.org\/en\/wp-json\/wp\/v2\/posts\/11135\/revisions\/11136"}],"wp:featuredmedia":[{"embeddable":true,"href":"https:\/\/www.patutkd.org\/en\/wp-json\/wp\/v2\/media\/11134"}],"wp:attachment":[{"href":"https:\/\/www.patutkd.org\/en\/wp-json\/wp\/v2\/media?parent=11135"}],"wp:term":[{"taxonomy":"category","embeddable":true,"href":"https:\/\/www.patutkd.org\/en\/wp-json\/wp\/v2\/categories?post=11135"},{"taxonomy":"post_tag","embeddable":true,"href":"https:\/\/www.patutkd.org\/en\/wp-json\/wp\/v2\/tags?post=11135"}],"curies":[{"name":"wp","href":"https:\/\/api.w.org\/{rel}","templated":true}]}}