{"id":10992,"date":"2023-09-19T14:58:40","date_gmt":"2023-09-19T14:58:40","guid":{"rendered":"https:\/\/www.patutkd.org\/?p=10992"},"modified":"2025-08-29T18:35:14","modified_gmt":"2025-08-29T18:35:14","slug":"mas-de-50-arbitros-panamericanos-se-capacitan-en-rio-de-janeiro","status":"publish","type":"post","link":"https:\/\/www.patutkd.org\/en\/mas-de-50-arbitros-panamericanos-se-capacitan-en-rio-de-janeiro\/","title":{"rendered":"More than 50 Pan American referees train in Rio de Janeiro"},"content":{"rendered":"<p><strong><em>***The Panamerican Taekwondo activities kicked off in Brazil with the presence of Olympic IRs<\/em><\/strong>.<\/p>\n\n\n\n<p><\/p>\n\n\n\n<p><strong>PATU Press 19.09.2023.<\/strong> More than 50 judges from various countries of the continent began a two-day training this September 19 in Rio de Janeiro, Brazil, as part of the Pan American Kyorugui and Poomsae 2023 Referee Seminar.<\/p>\n\n\n\n<p>This activity, promoted and organized by the Pan American Taekwondo Union and the Brazilian Taekwondo Confederation, will last until September 20 and will be held at the Marriot Hotel in the Rio de Janeiro metropolis.<\/p>\n\n\n\n<blockquote class=\"wp-block-quote is-layout-flow wp-block-quote-is-layout-flow\"><p><strong><em>\"For us as a working team of the Pan American Taekwondo Union, on behalf of our president, LAE. Juan Manuel Lopez Delgado, it is a real privilege to be able to deepen the knowledge and training of you, the new generation of referees of the continent.\"<\/em><\/strong> In his opening speech, IR Dennis Berdugo (NCA), Director of the PATU Sports Commission, was accompanied by former Brazilian team athlete and current Technical Director of the CBTKD, Henrique Precioso. <\/p><\/blockquote>\n\n\n\n<figure class=\"wp-block-image size-large\"><img loading=\"lazy\" decoding=\"async\" width=\"1024\" height=\"768\" src=\"https:\/\/www.patutkd.org\/wp-content\/uploads\/2023\/09\/Seminario_1-1-1024x768.jpg\" alt=\"\" class=\"wp-image-10993\" srcset=\"https:\/\/www.patutkd.org\/wp-content\/uploads\/2023\/09\/Seminario_1-1-1024x768.jpg 1024w, https:\/\/www.patutkd.org\/wp-content\/uploads\/2023\/09\/Seminario_1-1-300x225.jpg 300w, https:\/\/www.patutkd.org\/wp-content\/uploads\/2023\/09\/Seminario_1-1-768x576.jpg 768w, https:\/\/www.patutkd.org\/wp-content\/uploads\/2023\/09\/Seminario_1-1-1536x1152.jpg 1536w, https:\/\/www.patutkd.org\/wp-content\/uploads\/2023\/09\/Seminario_1-1-2048x1536.jpg 2048w, https:\/\/www.patutkd.org\/wp-content\/uploads\/2023\/09\/Seminario_1-1-16x12.jpg 16w, https:\/\/www.patutkd.org\/wp-content\/uploads\/2023\/09\/Seminario_1-1-340x255.jpg 340w, https:\/\/www.patutkd.org\/wp-content\/uploads\/2023\/09\/Seminario_1-1-600x450.jpg 600w, https:\/\/www.patutkd.org\/wp-content\/uploads\/2023\/09\/Seminario_1-1-755x566.jpg 755w, https:\/\/www.patutkd.org\/wp-content\/uploads\/2023\/09\/Seminario_1-1-585x439.jpg 585w\" sizes=\"auto, (max-width: 1024px) 100vw, 1024px\" \/><\/figure>\n\n\n\n<blockquote class=\"wp-block-quote is-layout-flow wp-block-quote-is-layout-flow\"><p><strong><em>\"We are here to provide you with the greatest amount of knowledge during these two days of the Seminar and you have the experience of Olympic Referees and with multiple participations in events of the World Taekwondo world circuit. The idea is to clarify as many doubts as possible and to contribute permanently to your academic and professional improvement\",<\/em><\/strong> reiterated Axel Sanchez, PATU Referee Chairman, Olympic judge in Tokyo 2020, who along with IR Araceli Ornelas (MEX), serve as keynote speakers for this educational activity of the PATU Refereeing Commission.<\/p><\/blockquote>\n\n\n\n<div class=\"wp-block-image\"><figure class=\"aligncenter size-large is-resized\"><img loading=\"lazy\" decoding=\"async\" src=\"https:\/\/www.patutkd.org\/wp-content\/uploads\/2023\/09\/Seminario_1_0-12-1-819x1024.jpg\" alt=\"\" class=\"wp-image-10995\" width=\"398\" height=\"495\"\/><\/figure><\/div>\n\n\n\n<p>The first presentation of the day was given by IR Araceli Ornelas (MEX) and focused on a detailed review of the Kyorgui Regulations.<\/p>\n\n\n\n<figure class=\"wp-block-image size-large\"><img loading=\"lazy\" decoding=\"async\" width=\"1024\" height=\"768\" src=\"https:\/\/www.patutkd.org\/wp-content\/uploads\/2023\/09\/Day_1_Seminario_Referee_PanAm_Rio2023-32-1024x768.jpg\" alt=\"\" class=\"wp-image-10996\" srcset=\"https:\/\/www.patutkd.org\/wp-content\/uploads\/2023\/09\/Day_1_Seminario_Referee_PanAm_Rio2023-32-1024x768.jpg 1024w, https:\/\/www.patutkd.org\/wp-content\/uploads\/2023\/09\/Day_1_Seminario_Referee_PanAm_Rio2023-32-300x225.jpg 300w, https:\/\/www.patutkd.org\/wp-content\/uploads\/2023\/09\/Day_1_Seminario_Referee_PanAm_Rio2023-32-768x576.jpg 768w, https:\/\/www.patutkd.org\/wp-content\/uploads\/2023\/09\/Day_1_Seminario_Referee_PanAm_Rio2023-32-1536x1152.jpg 1536w, https:\/\/www.patutkd.org\/wp-content\/uploads\/2023\/09\/Day_1_Seminario_Referee_PanAm_Rio2023-32-2048x1536.jpg 2048w, https:\/\/www.patutkd.org\/wp-content\/uploads\/2023\/09\/Day_1_Seminario_Referee_PanAm_Rio2023-32-16x12.jpg 16w, https:\/\/www.patutkd.org\/wp-content\/uploads\/2023\/09\/Day_1_Seminario_Referee_PanAm_Rio2023-32-340x255.jpg 340w, https:\/\/www.patutkd.org\/wp-content\/uploads\/2023\/09\/Day_1_Seminario_Referee_PanAm_Rio2023-32-600x450.jpg 600w, https:\/\/www.patutkd.org\/wp-content\/uploads\/2023\/09\/Day_1_Seminario_Referee_PanAm_Rio2023-32-755x566.jpg 755w, https:\/\/www.patutkd.org\/wp-content\/uploads\/2023\/09\/Day_1_Seminario_Referee_PanAm_Rio2023-32-585x439.jpg 585w\" sizes=\"auto, (max-width: 1024px) 100vw, 1024px\" \/><figcaption>Araceli Ornelas (MEX), IR and Seminar speaker. <\/figcaption><\/figure>\n\n\n\n<p>This activity marks the beginning of the events in Brazil, venue of the President's Cup Pan - America G2 2023, event that will be held for the first time in a South American country, from September 21 to 24 at the Arena Carioca 1 in Rio de Janeiro, as a key event in the preparation of the countries of the area before the Pan American Games Santiago 2023, to be held in October (21-24).<\/p>","protected":false},"excerpt":{"rendered":"<p>***Con la presencia de IR ol\u00edmpicos se dio inicio a las actividades del taekwondo panamericano en Brasil. Prensa PATU 19.09.2023.- M\u00e1s de 50 jueces de diversos pa\u00edses del continente iniciaron este 19 de septiembre una capacitaci\u00f3n de dos d\u00edas en R\u00edo de Janeiro, Brasil, en el marco del Seminario para \u00c1rbitros Panamericanos de Kyorugui y Poomsae 2023. Esta actividad, promovida y organizada por la Uni\u00f3n Panamericana de Taekwondo y la Confederaci\u00f3n Brasile\u00f1a de Taekwondo, se extender\u00e1 hasta el d\u00eda 20 de septiembre y tiene como sede el Hotel Marriot de la metr\u00f3polis carioca. \u201cPara nosotros como equipo de trabajo de la Uni\u00f3n Panamericana de Taekwondo, en nombre de nuestro presidente, el LAE. Juan Manuel L\u00f3pez Delgado, es un verdadero privilegio poder profundizar en los conocimientos y capacitaci\u00f3n de ustedes, la nueva generaci\u00f3n de \u00e1rbitros del continente\u201d, expuso en el discurso de instalaci\u00f3n el IR Dennis Berdugo (NCA), Director de la [&hellip;]<\/p>","protected":false},"author":3,"featured_media":10997,"comment_status":"closed","ping_status":"open","sticky":false,"template":"","format":"standard","meta":{"cybocfi_hide_featured_image":"","footnotes":""},"categories":[1],"tags":[321,320,297,289,290,307,294],"class_list":["post-10992","post","type-post","status-publish","format-standard","has-post-thumbnail","hentry","category-uncategorized","tag-cbtkd","tag-confederacion-brasilena-de-taekwondo","tag-juan-manuel-lopez-delgado","tag-panamerican-taekwondo-union","tag-patu","tag-patu12","tag-world-taekwondo"],"yoast_head":"<!-- This site is optimized with the Yoast SEO plugin v26.7 - https:\/\/yoast.com\/wordpress\/plugins\/seo\/ -->\n<title>M\u00e1s de 50 \u00c1rbitros Panamericanos se capacitan en R\u00edo de Janeiro - PATU | Pan American Taekwondo Union<\/title>\n<meta name=\"robots\" content=\"index, follow, max-snippet:-1, max-image-preview:large, max-video-preview:-1\" \/>\n<link rel=\"canonical\" href=\"https:\/\/www.patutkd.org\/en\/mas-de-50-arbitros-panamericanos-se-capacitan-en-rio-de-janeiro\/\" \/>\n<meta property=\"og:locale\" content=\"en_US\" \/>\n<meta property=\"og:type\" content=\"article\" \/>\n<meta property=\"og:title\" content=\"M\u00e1s de 50 \u00c1rbitros Panamericanos se capacitan en R\u00edo de Janeiro - PATU | Pan American Taekwondo Union\" \/>\n<meta property=\"og:description\" content=\"***Con la presencia de IR ol\u00edmpicos se dio inicio a las actividades del taekwondo panamericano en Brasil. Prensa PATU 19.09.2023.- M\u00e1s de 50 jueces de diversos pa\u00edses del continente iniciaron este 19 de septiembre una capacitaci\u00f3n de dos d\u00edas en R\u00edo de Janeiro, Brasil, en el marco del Seminario para \u00c1rbitros Panamericanos de Kyorugui y Poomsae 2023. Esta actividad, promovida y organizada por la Uni\u00f3n Panamericana de Taekwondo y la Confederaci\u00f3n Brasile\u00f1a de Taekwondo, se extender\u00e1 hasta el d\u00eda 20 de septiembre y tiene como sede el Hotel Marriot de la metr\u00f3polis carioca. \u201cPara nosotros como equipo de trabajo de la Uni\u00f3n Panamericana de Taekwondo, en nombre de nuestro presidente, el LAE. Juan Manuel L\u00f3pez Delgado, es un verdadero privilegio poder profundizar en los conocimientos y capacitaci\u00f3n de ustedes, la nueva generaci\u00f3n de \u00e1rbitros del continente\u201d, expuso en el discurso de instalaci\u00f3n el IR Dennis Berdugo (NCA), Director de la [&hellip;]\" \/>\n<meta property=\"og:url\" content=\"https:\/\/www.patutkd.org\/en\/mas-de-50-arbitros-panamericanos-se-capacitan-en-rio-de-janeiro\/\" \/>\n<meta property=\"og:site_name\" content=\"PATU | Pan American Taekwondo Union\" \/>\n<meta property=\"article:published_time\" content=\"2023-09-19T14:58:40+00:00\" \/>\n<meta property=\"article:modified_time\" content=\"2025-08-29T18:35:14+00:00\" \/>\n<meta property=\"og:image\" content=\"https:\/\/www.patutkd.org\/wp-content\/uploads\/2023\/09\/Day_1_Seminario_Referee_PanAm_Rio2023-21-scaled.jpg\" \/>\n\t<meta property=\"og:image:width\" content=\"2560\" \/>\n\t<meta property=\"og:image:height\" content=\"1920\" \/>\n\t<meta property=\"og:image:type\" content=\"image\/jpeg\" \/>\n<meta name=\"author\" content=\"administrador patutkd\" \/>\n<meta name=\"twitter:card\" content=\"summary_large_image\" \/>\n<meta name=\"twitter:label1\" content=\"Written by\" \/>\n\t<meta name=\"twitter:data1\" content=\"administrador patutkd\" \/>\n\t<meta name=\"twitter:label2\" content=\"Est. reading time\" \/>\n\t<meta name=\"twitter:data2\" content=\"2 minutes\" \/>\n<script type=\"application\/ld+json\" class=\"yoast-schema-graph\">{\"@context\":\"https:\/\/schema.org\",\"@graph\":[{\"@type\":\"Article\",\"@id\":\"https:\/\/www.patutkd.org\/en\/mas-de-50-arbitros-panamericanos-se-capacitan-en-rio-de-janeiro\/#article\",\"isPartOf\":{\"@id\":\"https:\/\/www.patutkd.org\/en\/mas-de-50-arbitros-panamericanos-se-capacitan-en-rio-de-janeiro\/\"},\"author\":{\"name\":\"administrador patutkd\",\"@id\":\"https:\/\/www.patutkd.org\/#\/schema\/person\/2dd5df8e67b5c8e99c15cc2a30e0944c\"},\"headline\":\"M\u00e1s de 50 \u00c1rbitros Panamericanos se capacitan en R\u00edo de Janeiro\",\"datePublished\":\"2023-09-19T14:58:40+00:00\",\"dateModified\":\"2025-08-29T18:35:14+00:00\",\"mainEntityOfPage\":{\"@id\":\"https:\/\/www.patutkd.org\/en\/mas-de-50-arbitros-panamericanos-se-capacitan-en-rio-de-janeiro\/\"},\"wordCount\":406,\"image\":{\"@id\":\"https:\/\/www.patutkd.org\/en\/mas-de-50-arbitros-panamericanos-se-capacitan-en-rio-de-janeiro\/#primaryimage\"},\"thumbnailUrl\":\"https:\/\/www.patutkd.org\/wp-content\/uploads\/2023\/09\/Day_1_Seminario_Referee_PanAm_Rio2023-21-scaled.jpg\",\"keywords\":[\"CBTKD\",\"Confederaci\u00f3n Brasile\u00f1a de Taekwondo\",\"Juan Manuel L\u00f3pez Delgado\",\"Panamerican Taekwondo Union\",\"PATU\",\"PATU12\",\"World Taekwondo\"],\"inLanguage\":\"en-US\"},{\"@type\":\"WebPage\",\"@id\":\"https:\/\/www.patutkd.org\/en\/mas-de-50-arbitros-panamericanos-se-capacitan-en-rio-de-janeiro\/\",\"url\":\"https:\/\/www.patutkd.org\/en\/mas-de-50-arbitros-panamericanos-se-capacitan-en-rio-de-janeiro\/\",\"name\":\"M\u00e1s de 50 \u00c1rbitros Panamericanos se capacitan en R\u00edo de Janeiro - PATU | Pan American Taekwondo Union\",\"isPartOf\":{\"@id\":\"https:\/\/www.patutkd.org\/#website\"},\"primaryImageOfPage\":{\"@id\":\"https:\/\/www.patutkd.org\/en\/mas-de-50-arbitros-panamericanos-se-capacitan-en-rio-de-janeiro\/#primaryimage\"},\"image\":{\"@id\":\"https:\/\/www.patutkd.org\/en\/mas-de-50-arbitros-panamericanos-se-capacitan-en-rio-de-janeiro\/#primaryimage\"},\"thumbnailUrl\":\"https:\/\/www.patutkd.org\/wp-content\/uploads\/2023\/09\/Day_1_Seminario_Referee_PanAm_Rio2023-21-scaled.jpg\",\"datePublished\":\"2023-09-19T14:58:40+00:00\",\"dateModified\":\"2025-08-29T18:35:14+00:00\",\"author\":{\"@id\":\"https:\/\/www.patutkd.org\/#\/schema\/person\/2dd5df8e67b5c8e99c15cc2a30e0944c\"},\"breadcrumb\":{\"@id\":\"https:\/\/www.patutkd.org\/en\/mas-de-50-arbitros-panamericanos-se-capacitan-en-rio-de-janeiro\/#breadcrumb\"},\"inLanguage\":\"en-US\",\"potentialAction\":[{\"@type\":\"ReadAction\",\"target\":[\"https:\/\/www.patutkd.org\/en\/mas-de-50-arbitros-panamericanos-se-capacitan-en-rio-de-janeiro\/\"]}]},{\"@type\":\"ImageObject\",\"inLanguage\":\"en-US\",\"@id\":\"https:\/\/www.patutkd.org\/en\/mas-de-50-arbitros-panamericanos-se-capacitan-en-rio-de-janeiro\/#primaryimage\",\"url\":\"https:\/\/www.patutkd.org\/wp-content\/uploads\/2023\/09\/Day_1_Seminario_Referee_PanAm_Rio2023-21-scaled.jpg\",\"contentUrl\":\"https:\/\/www.patutkd.org\/wp-content\/uploads\/2023\/09\/Day_1_Seminario_Referee_PanAm_Rio2023-21-scaled.jpg\",\"width\":2560,\"height\":1920},{\"@type\":\"BreadcrumbList\",\"@id\":\"https:\/\/www.patutkd.org\/en\/mas-de-50-arbitros-panamericanos-se-capacitan-en-rio-de-janeiro\/#breadcrumb\",\"itemListElement\":[{\"@type\":\"ListItem\",\"position\":1,\"name\":\"Inicio\",\"item\":\"https:\/\/www.patutkd.org\/\"},{\"@type\":\"ListItem\",\"position\":2,\"name\":\"M\u00e1s de 50 \u00c1rbitros Panamericanos se capacitan en R\u00edo de Janeiro\"}]},{\"@type\":\"WebSite\",\"@id\":\"https:\/\/www.patutkd.org\/#website\",\"url\":\"https:\/\/www.patutkd.org\/\",\"name\":\"PATU | Pan American Taekwondo Union\",\"description\":\"\",\"potentialAction\":[{\"@type\":\"SearchAction\",\"target\":{\"@type\":\"EntryPoint\",\"urlTemplate\":\"https:\/\/www.patutkd.org\/?s={search_term_string}\"},\"query-input\":{\"@type\":\"PropertyValueSpecification\",\"valueRequired\":true,\"valueName\":\"search_term_string\"}}],\"inLanguage\":\"en-US\"},{\"@type\":\"Person\",\"@id\":\"https:\/\/www.patutkd.org\/#\/schema\/person\/2dd5df8e67b5c8e99c15cc2a30e0944c\",\"name\":\"administrador patutkd\",\"image\":{\"@type\":\"ImageObject\",\"inLanguage\":\"en-US\",\"@id\":\"https:\/\/www.patutkd.org\/#\/schema\/person\/image\/\",\"url\":\"https:\/\/secure.gravatar.com\/avatar\/e804420b29e5d0e18047e92c6d70c99f49295340ec61fde9685872e38df0a3ba?s=96&d=mm&r=g\",\"contentUrl\":\"https:\/\/secure.gravatar.com\/avatar\/e804420b29e5d0e18047e92c6d70c99f49295340ec61fde9685872e38df0a3ba?s=96&d=mm&r=g\",\"caption\":\"administrador patutkd\"},\"url\":\"https:\/\/www.patutkd.org\/en\/author\/patutkd\/\"}]}<\/script>\n<!-- \/ Yoast SEO plugin. -->","yoast_head_json":{"title":"M\u00e1s de 50 \u00c1rbitros Panamericanos se capacitan en R\u00edo de Janeiro - PATU | Pan American Taekwondo Union","robots":{"index":"index","follow":"follow","max-snippet":"max-snippet:-1","max-image-preview":"max-image-preview:large","max-video-preview":"max-video-preview:-1"},"canonical":"https:\/\/www.patutkd.org\/en\/mas-de-50-arbitros-panamericanos-se-capacitan-en-rio-de-janeiro\/","og_locale":"en_US","og_type":"article","og_title":"M\u00e1s de 50 \u00c1rbitros Panamericanos se capacitan en R\u00edo de Janeiro - PATU | Pan American Taekwondo Union","og_description":"***Con la presencia de IR ol\u00edmpicos se dio inicio a las actividades del taekwondo panamericano en Brasil. Prensa PATU 19.09.2023.- M\u00e1s de 50 jueces de diversos pa\u00edses del continente iniciaron este 19 de septiembre una capacitaci\u00f3n de dos d\u00edas en R\u00edo de Janeiro, Brasil, en el marco del Seminario para \u00c1rbitros Panamericanos de Kyorugui y Poomsae 2023. Esta actividad, promovida y organizada por la Uni\u00f3n Panamericana de Taekwondo y la Confederaci\u00f3n Brasile\u00f1a de Taekwondo, se extender\u00e1 hasta el d\u00eda 20 de septiembre y tiene como sede el Hotel Marriot de la metr\u00f3polis carioca. \u201cPara nosotros como equipo de trabajo de la Uni\u00f3n Panamericana de Taekwondo, en nombre de nuestro presidente, el LAE. Juan Manuel L\u00f3pez Delgado, es un verdadero privilegio poder profundizar en los conocimientos y capacitaci\u00f3n de ustedes, la nueva generaci\u00f3n de \u00e1rbitros del continente\u201d, expuso en el discurso de instalaci\u00f3n el IR Dennis Berdugo (NCA), Director de la [&hellip;]","og_url":"https:\/\/www.patutkd.org\/en\/mas-de-50-arbitros-panamericanos-se-capacitan-en-rio-de-janeiro\/","og_site_name":"PATU | Pan American Taekwondo Union","article_published_time":"2023-09-19T14:58:40+00:00","article_modified_time":"2025-08-29T18:35:14+00:00","og_image":[{"width":2560,"height":1920,"url":"https:\/\/www.patutkd.org\/wp-content\/uploads\/2023\/09\/Day_1_Seminario_Referee_PanAm_Rio2023-21-scaled.jpg","type":"image\/jpeg"}],"author":"administrador patutkd","twitter_card":"summary_large_image","twitter_misc":{"Written by":"administrador patutkd","Est. reading time":"2 minutes"},"schema":{"@context":"https:\/\/schema.org","@graph":[{"@type":"Article","@id":"https:\/\/www.patutkd.org\/en\/mas-de-50-arbitros-panamericanos-se-capacitan-en-rio-de-janeiro\/#article","isPartOf":{"@id":"https:\/\/www.patutkd.org\/en\/mas-de-50-arbitros-panamericanos-se-capacitan-en-rio-de-janeiro\/"},"author":{"name":"administrador patutkd","@id":"https:\/\/www.patutkd.org\/#\/schema\/person\/2dd5df8e67b5c8e99c15cc2a30e0944c"},"headline":"M\u00e1s de 50 \u00c1rbitros Panamericanos se capacitan en R\u00edo de Janeiro","datePublished":"2023-09-19T14:58:40+00:00","dateModified":"2025-08-29T18:35:14+00:00","mainEntityOfPage":{"@id":"https:\/\/www.patutkd.org\/en\/mas-de-50-arbitros-panamericanos-se-capacitan-en-rio-de-janeiro\/"},"wordCount":406,"image":{"@id":"https:\/\/www.patutkd.org\/en\/mas-de-50-arbitros-panamericanos-se-capacitan-en-rio-de-janeiro\/#primaryimage"},"thumbnailUrl":"https:\/\/www.patutkd.org\/wp-content\/uploads\/2023\/09\/Day_1_Seminario_Referee_PanAm_Rio2023-21-scaled.jpg","keywords":["CBTKD","Confederaci\u00f3n Brasile\u00f1a de Taekwondo","Juan Manuel L\u00f3pez Delgado","Panamerican Taekwondo Union","PATU","PATU12","World Taekwondo"],"inLanguage":"en-US"},{"@type":"WebPage","@id":"https:\/\/www.patutkd.org\/en\/mas-de-50-arbitros-panamericanos-se-capacitan-en-rio-de-janeiro\/","url":"https:\/\/www.patutkd.org\/en\/mas-de-50-arbitros-panamericanos-se-capacitan-en-rio-de-janeiro\/","name":"M\u00e1s de 50 \u00c1rbitros Panamericanos se capacitan en R\u00edo de Janeiro - PATU | Pan American Taekwondo Union","isPartOf":{"@id":"https:\/\/www.patutkd.org\/#website"},"primaryImageOfPage":{"@id":"https:\/\/www.patutkd.org\/en\/mas-de-50-arbitros-panamericanos-se-capacitan-en-rio-de-janeiro\/#primaryimage"},"image":{"@id":"https:\/\/www.patutkd.org\/en\/mas-de-50-arbitros-panamericanos-se-capacitan-en-rio-de-janeiro\/#primaryimage"},"thumbnailUrl":"https:\/\/www.patutkd.org\/wp-content\/uploads\/2023\/09\/Day_1_Seminario_Referee_PanAm_Rio2023-21-scaled.jpg","datePublished":"2023-09-19T14:58:40+00:00","dateModified":"2025-08-29T18:35:14+00:00","author":{"@id":"https:\/\/www.patutkd.org\/#\/schema\/person\/2dd5df8e67b5c8e99c15cc2a30e0944c"},"breadcrumb":{"@id":"https:\/\/www.patutkd.org\/en\/mas-de-50-arbitros-panamericanos-se-capacitan-en-rio-de-janeiro\/#breadcrumb"},"inLanguage":"en-US","potentialAction":[{"@type":"ReadAction","target":["https:\/\/www.patutkd.org\/en\/mas-de-50-arbitros-panamericanos-se-capacitan-en-rio-de-janeiro\/"]}]},{"@type":"ImageObject","inLanguage":"en-US","@id":"https:\/\/www.patutkd.org\/en\/mas-de-50-arbitros-panamericanos-se-capacitan-en-rio-de-janeiro\/#primaryimage","url":"https:\/\/www.patutkd.org\/wp-content\/uploads\/2023\/09\/Day_1_Seminario_Referee_PanAm_Rio2023-21-scaled.jpg","contentUrl":"https:\/\/www.patutkd.org\/wp-content\/uploads\/2023\/09\/Day_1_Seminario_Referee_PanAm_Rio2023-21-scaled.jpg","width":2560,"height":1920},{"@type":"BreadcrumbList","@id":"https:\/\/www.patutkd.org\/en\/mas-de-50-arbitros-panamericanos-se-capacitan-en-rio-de-janeiro\/#breadcrumb","itemListElement":[{"@type":"ListItem","position":1,"name":"Inicio","item":"https:\/\/www.patutkd.org\/"},{"@type":"ListItem","position":2,"name":"M\u00e1s de 50 \u00c1rbitros Panamericanos se capacitan en R\u00edo de Janeiro"}]},{"@type":"WebSite","@id":"https:\/\/www.patutkd.org\/#website","url":"https:\/\/www.patutkd.org\/","name":"PATU | Pan American Taekwondo Union","description":"","potentialAction":[{"@type":"SearchAction","target":{"@type":"EntryPoint","urlTemplate":"https:\/\/www.patutkd.org\/?s={search_term_string}"},"query-input":{"@type":"PropertyValueSpecification","valueRequired":true,"valueName":"search_term_string"}}],"inLanguage":"en-US"},{"@type":"Person","@id":"https:\/\/www.patutkd.org\/#\/schema\/person\/2dd5df8e67b5c8e99c15cc2a30e0944c","name":"administrador patutkd","image":{"@type":"ImageObject","inLanguage":"en-US","@id":"https:\/\/www.patutkd.org\/#\/schema\/person\/image\/","url":"https:\/\/secure.gravatar.com\/avatar\/e804420b29e5d0e18047e92c6d70c99f49295340ec61fde9685872e38df0a3ba?s=96&d=mm&r=g","contentUrl":"https:\/\/secure.gravatar.com\/avatar\/e804420b29e5d0e18047e92c6d70c99f49295340ec61fde9685872e38df0a3ba?s=96&d=mm&r=g","caption":"administrador patutkd"},"url":"https:\/\/www.patutkd.org\/en\/author\/patutkd\/"}]}},"_links":{"self":[{"href":"https:\/\/www.patutkd.org\/en\/wp-json\/wp\/v2\/posts\/10992","targetHints":{"allow":["GET"]}}],"collection":[{"href":"https:\/\/www.patutkd.org\/en\/wp-json\/wp\/v2\/posts"}],"about":[{"href":"https:\/\/www.patutkd.org\/en\/wp-json\/wp\/v2\/types\/post"}],"author":[{"embeddable":true,"href":"https:\/\/www.patutkd.org\/en\/wp-json\/wp\/v2\/users\/3"}],"replies":[{"embeddable":true,"href":"https:\/\/www.patutkd.org\/en\/wp-json\/wp\/v2\/comments?post=10992"}],"version-history":[{"count":2,"href":"https:\/\/www.patutkd.org\/en\/wp-json\/wp\/v2\/posts\/10992\/revisions"}],"predecessor-version":[{"id":11000,"href":"https:\/\/www.patutkd.org\/en\/wp-json\/wp\/v2\/posts\/10992\/revisions\/11000"}],"wp:featuredmedia":[{"embeddable":true,"href":"https:\/\/www.patutkd.org\/en\/wp-json\/wp\/v2\/media\/10997"}],"wp:attachment":[{"href":"https:\/\/www.patutkd.org\/en\/wp-json\/wp\/v2\/media?parent=10992"}],"wp:term":[{"taxonomy":"category","embeddable":true,"href":"https:\/\/www.patutkd.org\/en\/wp-json\/wp\/v2\/categories?post=10992"},{"taxonomy":"post_tag","embeddable":true,"href":"https:\/\/www.patutkd.org\/en\/wp-json\/wp\/v2\/tags?post=10992"}],"curies":[{"name":"wp","href":"https:\/\/api.w.org\/{rel}","templated":true}]}}