{"id":10884,"date":"2023-08-17T12:39:19","date_gmt":"2023-08-17T12:39:19","guid":{"rendered":"https:\/\/www.patutkd.org\/?p=10884"},"modified":"2025-08-29T18:35:19","modified_gmt":"2025-08-29T18:35:19","slug":"patu-en-corea-america-presenta-avances-de-santiago-2023-en-world-taekwondo","status":"publish","type":"post","link":"https:\/\/www.patutkd.org\/en\/patu-en-corea-america-presenta-avances-de-santiago-2023-en-world-taekwondo\/","title":{"rendered":"PATU in Korea: America presents advances of Santiago 2023 in World Taekwondo"},"content":{"rendered":"<p><strong>PATU Press.-<\/strong> The Pan American Taekwondo Union, represented by LAE. Juan Manuel L\u00f3pez Delgado, president; and Mario Mandel, Secretary General, presented this August 16 a progress report corresponding to the next edition of the Pan American Games Santiago 2023, in a meeting with the highest authorities of World Taekwondo in Seoul, South Korea.<\/p>\n\n\n\n<p>L\u00f3pez Delgado and Mandel held an important meeting with Dr. Chuncheon Choue, President of World Taekwondo, and with Jeongkang Seo, Secretary General of WT, to explain in detail the organizational status of the eighth edition of the taekwondo tournament in the history of the continent's great multisport festival.<\/p>\n\n\n\n<p><strong><em>\"Both Dr. Choue and Mr. Seo will be accompanying us in the opening ceremonies and development of the Pan American Games competitions. We are very happy to have the presence of our highest authorities of world taekwondo, which ratifies the harmony and good relations between WT and this PATU administration.\"<\/em><\/strong>L\u00f3pez Delgado confirmed from South Korea, adding that the meeting also served to present the planning and agenda of events in the Americas in 2024.<\/p>\n\n\n\n<figure class=\"wp-block-image size-large\"><img loading=\"lazy\" decoding=\"async\" width=\"1024\" height=\"757\" src=\"https:\/\/www.patutkd.org\/wp-content\/uploads\/2023\/08\/IMG-20230817-WA0024-1024x757.jpg\" alt=\"\" class=\"wp-image-10886\" srcset=\"https:\/\/www.patutkd.org\/wp-content\/uploads\/2023\/08\/IMG-20230817-WA0024-1024x757.jpg 1024w, https:\/\/www.patutkd.org\/wp-content\/uploads\/2023\/08\/IMG-20230817-WA0024-300x222.jpg 300w, https:\/\/www.patutkd.org\/wp-content\/uploads\/2023\/08\/IMG-20230817-WA0024-768x568.jpg 768w, https:\/\/www.patutkd.org\/wp-content\/uploads\/2023\/08\/IMG-20230817-WA0024-16x12.jpg 16w, https:\/\/www.patutkd.org\/wp-content\/uploads\/2023\/08\/IMG-20230817-WA0024-340x251.jpg 340w, https:\/\/www.patutkd.org\/wp-content\/uploads\/2023\/08\/IMG-20230817-WA0024-600x444.jpg 600w, https:\/\/www.patutkd.org\/wp-content\/uploads\/2023\/08\/IMG-20230817-WA0024-110x80.jpg 110w, https:\/\/www.patutkd.org\/wp-content\/uploads\/2023\/08\/IMG-20230817-WA0024-755x558.jpg 755w, https:\/\/www.patutkd.org\/wp-content\/uploads\/2023\/08\/IMG-20230817-WA0024-585x433.jpg 585w, https:\/\/www.patutkd.org\/wp-content\/uploads\/2023\/08\/IMG-20230817-WA0024.jpg 1520w\" sizes=\"auto, (max-width: 1024px) 100vw, 1024px\" \/><figcaption>L\u00f3pez Delgado, PATU president, together with Dr. Choue, WT president.<\/figcaption><\/figure>\n\n\n\n<p><strong><em>\"We made an important explanation led by Mario Mandel about everything that will be these Pan American Games, which are a key competition within PATU's annual agenda and which I am sure will set an important precedent as a Multisport Games in the year leading up to the Paris 2024 Olympic Games.\"<\/em><\/strong> continued Lopez Delgado, also vice president of World Taekwondo.<\/p>\n\n\n\n<p>In this context, Mandel explained that <strong><em>\"We presented a preview of the Olympic Village, which includes 17 towers where the athletes and their coaches will be located. We showed the plans for easy transportation to leave the Village close to the subway, since the subway connects with almost all the venues and with the official transportation of the Games\".<\/em><\/strong><\/p>\n\n\n\n<p><strong><em>\"We expounded on the different types of championship transportation involved with each of the officials.\" <\/em><\/strong>he added.<\/p>\n\n\n\n<p>Santiago 2023 will unveil a Combat Pavilion and taekwondo will be one of the first three sports to inaugurate it.<\/p>\n\n\n\n<p><strong><em>\"This Pavilion is located in the National Stadium Complex, it is the 12th stage and it is practically ready for the formal delivery. This Pavilion will house judo, karate and taekwondo. Dr. Choue was able to see a video that we presented to him and the plans, so that he could understand how the flow of the upper and exit lanes will look like, as well as the different departments for ParaTaekwondo.\"<\/em><\/strong><\/p>\n\n\n\n<p>The Santiago 2023 taekwondo tournament will be held at the new Contact Sports Center located in the Nu\u00f1oa district, inside the National Stadium Complex, from October 21 to 24.<\/p>\n\n\n\n<p>The competitions will gather 136 athletes who won their qualification in the past Junior Pan American Games Cali - Valle 2021 and this year in the Continental Qualifying Tournament held last March in Rio de Janeiro, Brazil.<\/p>\n\n\n\n<p>The Kyorugui Senior will be contested in Olympic weight divisions, while poomsae will make its second historic appearance in this multi-sport event, where Team Kyorugui will make its debut.<\/p>","protected":false},"excerpt":{"rendered":"<p>Prensa PATU.- La Uni\u00f3n Panamericana de Taekwondo, representada por el LAE. Juan Manuel L\u00f3pez Delgado, presidente; y Mario Mandel, Secretario General, present\u00f3 este 16 de agosto un informe de avances correspondientes a la pr\u00f3xima edici\u00f3n de los Juegos Panamericanos Santiago 2023, en reuni\u00f3n con las m\u00e1ximas autoridades de World Taekwondo en Seul, Corea del Sur. L\u00f3pez Delgado y Mandel sostuvieron una importante reuni\u00f3n con el Dr. Chuncheon Choue, presidente de World Taekwondo, y con&nbsp;Jeongkang Seo, Secretario General WT, para explicar en detalle el estatus organizativo de la octava edici\u00f3n del torneo de taekwondo en la historia de la magna fiesta multideportes del continente. &#8220;Tanto el Dr. Choue como el Sr. Seo estar\u00e1n acompa\u00f1\u00e1ndonos en los actos inaugurales y desarrollo de las competencias de los Juegos Panamericanos. Estamos muy contentos de contar con la presencia de nuestras m\u00e1ximas autoridades del taekwondo mundial, lo que ratifica la armon\u00eda y buenas relaciones entre [&hellip;]<\/p>","protected":false},"author":3,"featured_media":10885,"comment_status":"closed","ping_status":"open","sticky":false,"template":"","format":"standard","meta":{"cybocfi_hide_featured_image":"","footnotes":""},"categories":[278],"tags":[317,297,290,307,318,294],"class_list":["post-10884","post","type-post","status-publish","format-standard","has-post-thumbnail","hentry","category-espanol","tag-corea-del-sur","tag-juan-manuel-lopez-delgado","tag-patu","tag-patu12","tag-santiago-2023","tag-world-taekwondo"],"yoast_head":"<!-- This site is optimized with the Yoast SEO plugin v26.7 - https:\/\/yoast.com\/wordpress\/plugins\/seo\/ -->\n<title>PATU en Corea: Am\u00e9rica presenta avances de Santiago 2023 en World Taekwondo - PATU | Pan American Taekwondo Union<\/title>\n<meta name=\"robots\" content=\"index, follow, max-snippet:-1, max-image-preview:large, max-video-preview:-1\" \/>\n<link rel=\"canonical\" href=\"https:\/\/www.patutkd.org\/en\/patu-en-corea-america-presenta-avances-de-santiago-2023-en-world-taekwondo\/\" \/>\n<meta property=\"og:locale\" content=\"en_US\" \/>\n<meta property=\"og:type\" content=\"article\" \/>\n<meta property=\"og:title\" content=\"PATU en Corea: Am\u00e9rica presenta avances de Santiago 2023 en World Taekwondo - PATU | Pan American Taekwondo Union\" \/>\n<meta property=\"og:description\" content=\"Prensa PATU.- La Uni\u00f3n Panamericana de Taekwondo, representada por el LAE. Juan Manuel L\u00f3pez Delgado, presidente; y Mario Mandel, Secretario General, present\u00f3 este 16 de agosto un informe de avances correspondientes a la pr\u00f3xima edici\u00f3n de los Juegos Panamericanos Santiago 2023, en reuni\u00f3n con las m\u00e1ximas autoridades de World Taekwondo en Seul, Corea del Sur. L\u00f3pez Delgado y Mandel sostuvieron una importante reuni\u00f3n con el Dr. Chuncheon Choue, presidente de World Taekwondo, y con&nbsp;Jeongkang Seo, Secretario General WT, para explicar en detalle el estatus organizativo de la octava edici\u00f3n del torneo de taekwondo en la historia de la magna fiesta multideportes del continente. &#8220;Tanto el Dr. Choue como el Sr. Seo estar\u00e1n acompa\u00f1\u00e1ndonos en los actos inaugurales y desarrollo de las competencias de los Juegos Panamericanos. Estamos muy contentos de contar con la presencia de nuestras m\u00e1ximas autoridades del taekwondo mundial, lo que ratifica la armon\u00eda y buenas relaciones entre [&hellip;]\" \/>\n<meta property=\"og:url\" content=\"https:\/\/www.patutkd.org\/en\/patu-en-corea-america-presenta-avances-de-santiago-2023-en-world-taekwondo\/\" \/>\n<meta property=\"og:site_name\" content=\"PATU | Pan American Taekwondo Union\" \/>\n<meta property=\"article:published_time\" content=\"2023-08-17T12:39:19+00:00\" \/>\n<meta property=\"article:modified_time\" content=\"2025-08-29T18:35:19+00:00\" \/>\n<meta property=\"og:image\" content=\"https:\/\/www.patutkd.org\/wp-content\/uploads\/2023\/08\/IMG-20230817-WA0023.jpg\" \/>\n\t<meta property=\"og:image:width\" content=\"1600\" \/>\n\t<meta property=\"og:image:height\" content=\"1139\" \/>\n\t<meta property=\"og:image:type\" content=\"image\/jpeg\" \/>\n<meta name=\"author\" content=\"administrador patutkd\" \/>\n<meta name=\"twitter:card\" content=\"summary_large_image\" \/>\n<meta name=\"twitter:label1\" content=\"Written by\" \/>\n\t<meta name=\"twitter:data1\" content=\"administrador patutkd\" \/>\n\t<meta name=\"twitter:label2\" content=\"Est. reading time\" \/>\n\t<meta name=\"twitter:data2\" content=\"3 minutes\" \/>\n<script type=\"application\/ld+json\" class=\"yoast-schema-graph\">{\"@context\":\"https:\/\/schema.org\",\"@graph\":[{\"@type\":\"Article\",\"@id\":\"https:\/\/www.patutkd.org\/en\/patu-en-corea-america-presenta-avances-de-santiago-2023-en-world-taekwondo\/#article\",\"isPartOf\":{\"@id\":\"https:\/\/www.patutkd.org\/en\/patu-en-corea-america-presenta-avances-de-santiago-2023-en-world-taekwondo\/\"},\"author\":{\"name\":\"administrador patutkd\",\"@id\":\"https:\/\/www.patutkd.org\/#\/schema\/person\/2dd5df8e67b5c8e99c15cc2a30e0944c\"},\"headline\":\"PATU en Corea: Am\u00e9rica presenta avances de Santiago 2023 en World Taekwondo\",\"datePublished\":\"2023-08-17T12:39:19+00:00\",\"dateModified\":\"2025-08-29T18:35:19+00:00\",\"mainEntityOfPage\":{\"@id\":\"https:\/\/www.patutkd.org\/en\/patu-en-corea-america-presenta-avances-de-santiago-2023-en-world-taekwondo\/\"},\"wordCount\":572,\"image\":{\"@id\":\"https:\/\/www.patutkd.org\/en\/patu-en-corea-america-presenta-avances-de-santiago-2023-en-world-taekwondo\/#primaryimage\"},\"thumbnailUrl\":\"https:\/\/www.patutkd.org\/wp-content\/uploads\/2023\/08\/IMG-20230817-WA0023.jpg\",\"keywords\":[\"Corea del Sur\",\"Juan Manuel L\u00f3pez Delgado\",\"PATU\",\"PATU12\",\"Santiago 2023\",\"World Taekwondo\"],\"articleSection\":[\"Espa\u00f1ol\"],\"inLanguage\":\"en-US\"},{\"@type\":\"WebPage\",\"@id\":\"https:\/\/www.patutkd.org\/en\/patu-en-corea-america-presenta-avances-de-santiago-2023-en-world-taekwondo\/\",\"url\":\"https:\/\/www.patutkd.org\/en\/patu-en-corea-america-presenta-avances-de-santiago-2023-en-world-taekwondo\/\",\"name\":\"PATU en Corea: Am\u00e9rica presenta avances de Santiago 2023 en World Taekwondo - PATU | Pan American Taekwondo Union\",\"isPartOf\":{\"@id\":\"https:\/\/www.patutkd.org\/#website\"},\"primaryImageOfPage\":{\"@id\":\"https:\/\/www.patutkd.org\/en\/patu-en-corea-america-presenta-avances-de-santiago-2023-en-world-taekwondo\/#primaryimage\"},\"image\":{\"@id\":\"https:\/\/www.patutkd.org\/en\/patu-en-corea-america-presenta-avances-de-santiago-2023-en-world-taekwondo\/#primaryimage\"},\"thumbnailUrl\":\"https:\/\/www.patutkd.org\/wp-content\/uploads\/2023\/08\/IMG-20230817-WA0023.jpg\",\"datePublished\":\"2023-08-17T12:39:19+00:00\",\"dateModified\":\"2025-08-29T18:35:19+00:00\",\"author\":{\"@id\":\"https:\/\/www.patutkd.org\/#\/schema\/person\/2dd5df8e67b5c8e99c15cc2a30e0944c\"},\"breadcrumb\":{\"@id\":\"https:\/\/www.patutkd.org\/en\/patu-en-corea-america-presenta-avances-de-santiago-2023-en-world-taekwondo\/#breadcrumb\"},\"inLanguage\":\"en-US\",\"potentialAction\":[{\"@type\":\"ReadAction\",\"target\":[\"https:\/\/www.patutkd.org\/en\/patu-en-corea-america-presenta-avances-de-santiago-2023-en-world-taekwondo\/\"]}]},{\"@type\":\"ImageObject\",\"inLanguage\":\"en-US\",\"@id\":\"https:\/\/www.patutkd.org\/en\/patu-en-corea-america-presenta-avances-de-santiago-2023-en-world-taekwondo\/#primaryimage\",\"url\":\"https:\/\/www.patutkd.org\/wp-content\/uploads\/2023\/08\/IMG-20230817-WA0023.jpg\",\"contentUrl\":\"https:\/\/www.patutkd.org\/wp-content\/uploads\/2023\/08\/IMG-20230817-WA0023.jpg\",\"width\":1600,\"height\":1139},{\"@type\":\"BreadcrumbList\",\"@id\":\"https:\/\/www.patutkd.org\/en\/patu-en-corea-america-presenta-avances-de-santiago-2023-en-world-taekwondo\/#breadcrumb\",\"itemListElement\":[{\"@type\":\"ListItem\",\"position\":1,\"name\":\"Inicio\",\"item\":\"https:\/\/www.patutkd.org\/\"},{\"@type\":\"ListItem\",\"position\":2,\"name\":\"PATU en Corea: Am\u00e9rica presenta avances de Santiago 2023 en World Taekwondo\"}]},{\"@type\":\"WebSite\",\"@id\":\"https:\/\/www.patutkd.org\/#website\",\"url\":\"https:\/\/www.patutkd.org\/\",\"name\":\"PATU | Pan American Taekwondo Union\",\"description\":\"\",\"potentialAction\":[{\"@type\":\"SearchAction\",\"target\":{\"@type\":\"EntryPoint\",\"urlTemplate\":\"https:\/\/www.patutkd.org\/?s={search_term_string}\"},\"query-input\":{\"@type\":\"PropertyValueSpecification\",\"valueRequired\":true,\"valueName\":\"search_term_string\"}}],\"inLanguage\":\"en-US\"},{\"@type\":\"Person\",\"@id\":\"https:\/\/www.patutkd.org\/#\/schema\/person\/2dd5df8e67b5c8e99c15cc2a30e0944c\",\"name\":\"administrador patutkd\",\"image\":{\"@type\":\"ImageObject\",\"inLanguage\":\"en-US\",\"@id\":\"https:\/\/www.patutkd.org\/#\/schema\/person\/image\/\",\"url\":\"https:\/\/secure.gravatar.com\/avatar\/e804420b29e5d0e18047e92c6d70c99f49295340ec61fde9685872e38df0a3ba?s=96&d=mm&r=g\",\"contentUrl\":\"https:\/\/secure.gravatar.com\/avatar\/e804420b29e5d0e18047e92c6d70c99f49295340ec61fde9685872e38df0a3ba?s=96&d=mm&r=g\",\"caption\":\"administrador patutkd\"},\"url\":\"https:\/\/www.patutkd.org\/en\/author\/patutkd\/\"}]}<\/script>\n<!-- \/ Yoast SEO plugin. -->","yoast_head_json":{"title":"PATU en Corea: Am\u00e9rica presenta avances de Santiago 2023 en World Taekwondo - PATU | Pan American Taekwondo Union","robots":{"index":"index","follow":"follow","max-snippet":"max-snippet:-1","max-image-preview":"max-image-preview:large","max-video-preview":"max-video-preview:-1"},"canonical":"https:\/\/www.patutkd.org\/en\/patu-en-corea-america-presenta-avances-de-santiago-2023-en-world-taekwondo\/","og_locale":"en_US","og_type":"article","og_title":"PATU en Corea: Am\u00e9rica presenta avances de Santiago 2023 en World Taekwondo - PATU | Pan American Taekwondo Union","og_description":"Prensa PATU.- La Uni\u00f3n Panamericana de Taekwondo, representada por el LAE. Juan Manuel L\u00f3pez Delgado, presidente; y Mario Mandel, Secretario General, present\u00f3 este 16 de agosto un informe de avances correspondientes a la pr\u00f3xima edici\u00f3n de los Juegos Panamericanos Santiago 2023, en reuni\u00f3n con las m\u00e1ximas autoridades de World Taekwondo en Seul, Corea del Sur. L\u00f3pez Delgado y Mandel sostuvieron una importante reuni\u00f3n con el Dr. Chuncheon Choue, presidente de World Taekwondo, y con&nbsp;Jeongkang Seo, Secretario General WT, para explicar en detalle el estatus organizativo de la octava edici\u00f3n del torneo de taekwondo en la historia de la magna fiesta multideportes del continente. &#8220;Tanto el Dr. Choue como el Sr. Seo estar\u00e1n acompa\u00f1\u00e1ndonos en los actos inaugurales y desarrollo de las competencias de los Juegos Panamericanos. Estamos muy contentos de contar con la presencia de nuestras m\u00e1ximas autoridades del taekwondo mundial, lo que ratifica la armon\u00eda y buenas relaciones entre [&hellip;]","og_url":"https:\/\/www.patutkd.org\/en\/patu-en-corea-america-presenta-avances-de-santiago-2023-en-world-taekwondo\/","og_site_name":"PATU | Pan American Taekwondo Union","article_published_time":"2023-08-17T12:39:19+00:00","article_modified_time":"2025-08-29T18:35:19+00:00","og_image":[{"width":1600,"height":1139,"url":"https:\/\/www.patutkd.org\/wp-content\/uploads\/2023\/08\/IMG-20230817-WA0023.jpg","type":"image\/jpeg"}],"author":"administrador patutkd","twitter_card":"summary_large_image","twitter_misc":{"Written by":"administrador patutkd","Est. reading time":"3 minutes"},"schema":{"@context":"https:\/\/schema.org","@graph":[{"@type":"Article","@id":"https:\/\/www.patutkd.org\/en\/patu-en-corea-america-presenta-avances-de-santiago-2023-en-world-taekwondo\/#article","isPartOf":{"@id":"https:\/\/www.patutkd.org\/en\/patu-en-corea-america-presenta-avances-de-santiago-2023-en-world-taekwondo\/"},"author":{"name":"administrador patutkd","@id":"https:\/\/www.patutkd.org\/#\/schema\/person\/2dd5df8e67b5c8e99c15cc2a30e0944c"},"headline":"PATU en Corea: Am\u00e9rica presenta avances de Santiago 2023 en World Taekwondo","datePublished":"2023-08-17T12:39:19+00:00","dateModified":"2025-08-29T18:35:19+00:00","mainEntityOfPage":{"@id":"https:\/\/www.patutkd.org\/en\/patu-en-corea-america-presenta-avances-de-santiago-2023-en-world-taekwondo\/"},"wordCount":572,"image":{"@id":"https:\/\/www.patutkd.org\/en\/patu-en-corea-america-presenta-avances-de-santiago-2023-en-world-taekwondo\/#primaryimage"},"thumbnailUrl":"https:\/\/www.patutkd.org\/wp-content\/uploads\/2023\/08\/IMG-20230817-WA0023.jpg","keywords":["Corea del Sur","Juan Manuel L\u00f3pez Delgado","PATU","PATU12","Santiago 2023","World Taekwondo"],"articleSection":["Espa\u00f1ol"],"inLanguage":"en-US"},{"@type":"WebPage","@id":"https:\/\/www.patutkd.org\/en\/patu-en-corea-america-presenta-avances-de-santiago-2023-en-world-taekwondo\/","url":"https:\/\/www.patutkd.org\/en\/patu-en-corea-america-presenta-avances-de-santiago-2023-en-world-taekwondo\/","name":"PATU en Corea: Am\u00e9rica presenta avances de Santiago 2023 en World Taekwondo - PATU | Pan American Taekwondo Union","isPartOf":{"@id":"https:\/\/www.patutkd.org\/#website"},"primaryImageOfPage":{"@id":"https:\/\/www.patutkd.org\/en\/patu-en-corea-america-presenta-avances-de-santiago-2023-en-world-taekwondo\/#primaryimage"},"image":{"@id":"https:\/\/www.patutkd.org\/en\/patu-en-corea-america-presenta-avances-de-santiago-2023-en-world-taekwondo\/#primaryimage"},"thumbnailUrl":"https:\/\/www.patutkd.org\/wp-content\/uploads\/2023\/08\/IMG-20230817-WA0023.jpg","datePublished":"2023-08-17T12:39:19+00:00","dateModified":"2025-08-29T18:35:19+00:00","author":{"@id":"https:\/\/www.patutkd.org\/#\/schema\/person\/2dd5df8e67b5c8e99c15cc2a30e0944c"},"breadcrumb":{"@id":"https:\/\/www.patutkd.org\/en\/patu-en-corea-america-presenta-avances-de-santiago-2023-en-world-taekwondo\/#breadcrumb"},"inLanguage":"en-US","potentialAction":[{"@type":"ReadAction","target":["https:\/\/www.patutkd.org\/en\/patu-en-corea-america-presenta-avances-de-santiago-2023-en-world-taekwondo\/"]}]},{"@type":"ImageObject","inLanguage":"en-US","@id":"https:\/\/www.patutkd.org\/en\/patu-en-corea-america-presenta-avances-de-santiago-2023-en-world-taekwondo\/#primaryimage","url":"https:\/\/www.patutkd.org\/wp-content\/uploads\/2023\/08\/IMG-20230817-WA0023.jpg","contentUrl":"https:\/\/www.patutkd.org\/wp-content\/uploads\/2023\/08\/IMG-20230817-WA0023.jpg","width":1600,"height":1139},{"@type":"BreadcrumbList","@id":"https:\/\/www.patutkd.org\/en\/patu-en-corea-america-presenta-avances-de-santiago-2023-en-world-taekwondo\/#breadcrumb","itemListElement":[{"@type":"ListItem","position":1,"name":"Inicio","item":"https:\/\/www.patutkd.org\/"},{"@type":"ListItem","position":2,"name":"PATU en Corea: Am\u00e9rica presenta avances de Santiago 2023 en World Taekwondo"}]},{"@type":"WebSite","@id":"https:\/\/www.patutkd.org\/#website","url":"https:\/\/www.patutkd.org\/","name":"PATU | Pan American Taekwondo Union","description":"","potentialAction":[{"@type":"SearchAction","target":{"@type":"EntryPoint","urlTemplate":"https:\/\/www.patutkd.org\/?s={search_term_string}"},"query-input":{"@type":"PropertyValueSpecification","valueRequired":true,"valueName":"search_term_string"}}],"inLanguage":"en-US"},{"@type":"Person","@id":"https:\/\/www.patutkd.org\/#\/schema\/person\/2dd5df8e67b5c8e99c15cc2a30e0944c","name":"administrador patutkd","image":{"@type":"ImageObject","inLanguage":"en-US","@id":"https:\/\/www.patutkd.org\/#\/schema\/person\/image\/","url":"https:\/\/secure.gravatar.com\/avatar\/e804420b29e5d0e18047e92c6d70c99f49295340ec61fde9685872e38df0a3ba?s=96&d=mm&r=g","contentUrl":"https:\/\/secure.gravatar.com\/avatar\/e804420b29e5d0e18047e92c6d70c99f49295340ec61fde9685872e38df0a3ba?s=96&d=mm&r=g","caption":"administrador patutkd"},"url":"https:\/\/www.patutkd.org\/en\/author\/patutkd\/"}]}},"_links":{"self":[{"href":"https:\/\/www.patutkd.org\/en\/wp-json\/wp\/v2\/posts\/10884","targetHints":{"allow":["GET"]}}],"collection":[{"href":"https:\/\/www.patutkd.org\/en\/wp-json\/wp\/v2\/posts"}],"about":[{"href":"https:\/\/www.patutkd.org\/en\/wp-json\/wp\/v2\/types\/post"}],"author":[{"embeddable":true,"href":"https:\/\/www.patutkd.org\/en\/wp-json\/wp\/v2\/users\/3"}],"replies":[{"embeddable":true,"href":"https:\/\/www.patutkd.org\/en\/wp-json\/wp\/v2\/comments?post=10884"}],"version-history":[{"count":1,"href":"https:\/\/www.patutkd.org\/en\/wp-json\/wp\/v2\/posts\/10884\/revisions"}],"predecessor-version":[{"id":10887,"href":"https:\/\/www.patutkd.org\/en\/wp-json\/wp\/v2\/posts\/10884\/revisions\/10887"}],"wp:featuredmedia":[{"embeddable":true,"href":"https:\/\/www.patutkd.org\/en\/wp-json\/wp\/v2\/media\/10885"}],"wp:attachment":[{"href":"https:\/\/www.patutkd.org\/en\/wp-json\/wp\/v2\/media?parent=10884"}],"wp:term":[{"taxonomy":"category","embeddable":true,"href":"https:\/\/www.patutkd.org\/en\/wp-json\/wp\/v2\/categories?post=10884"},{"taxonomy":"post_tag","embeddable":true,"href":"https:\/\/www.patutkd.org\/en\/wp-json\/wp\/v2\/tags?post=10884"}],"curies":[{"name":"wp","href":"https:\/\/api.w.org\/{rel}","templated":true}]}}