{"id":10638,"date":"2023-07-06T20:28:00","date_gmt":"2023-07-06T20:28:00","guid":{"rendered":"https:\/\/www.patutkd.org\/?p=10638"},"modified":"2025-08-29T18:35:21","modified_gmt":"2025-08-29T18:35:21","slug":"memorables-victorias-de-colombia-costa-rica-cuba-y-republica-dominicana-en-santo-domingo","status":"publish","type":"post","link":"https:\/\/www.patutkd.org\/en\/memorables-victorias-de-colombia-costa-rica-cuba-y-republica-dominicana-en-santo-domingo\/","title":{"rendered":"Memorables victorias de Colombia, Costa Rica, Cuba y Rep\u00fablica Dominicana en Santo Domingo"},"content":{"rendered":"<p><strong>Santo Domingo, RD.- <\/strong>Cuatro distintos pa\u00edses conquistaron las medallas de oro en disputa durante la jornada de cierre del Kyorugui individual del taekwondo en los Juegos Centroamericanos y del Caribe San Salvador 2023: Colombia con Miguel Trejos (-80kg), Costa Rica y Neshi Lee Lindo (-57kg), Cuba con Arlettys Acosta (-67kg) y la casa, Rep\u00fablica Dominicana, con Bernardo Pie (-68kg) en plan estelar, fueron los ganadores del d\u00eda en el Palacio de Voleibol del Complejo Ol\u00edmpico \u201cJuan Pablo Duarte\u201d de Santo Domingo, sede de la competencia que baja el tel\u00f3n este 7 de julio.<\/p>\n\n\n\n<p><\/p>\n\n\n\n<p><strong>Bernardo extiende su dominio<\/strong><\/p>\n\n\n\n<p>Bernardo Pie (-68kg) conquist\u00f3 su segundo t\u00edtulo centroamericano y del caribe con honores en su casa, al dominar en una final de alt\u00edsimo nivel al colombiano David Paz en tres rounds. El dominicano supero en cuartos de final al cubano \u00c1ngel Fern\u00e1ndez (2-0), en semifinales se impuso al puertorique\u00f1o Adri\u00e1n Ben\u00edtez (2-0) y en la lucha por el oro s\u00f3lo el colombiano Paz pudo complicarlo en un gran despliegue de versatilidad t\u00e9cnica que, al final, el local supo controlar para alcanzar la victoria.<\/p>\n\n\n\n<figure class=\"wp-block-image size-large\"><img loading=\"lazy\" decoding=\"async\" width=\"1024\" height=\"819\" src=\"https:\/\/www.patutkd.org\/wp-content\/uploads\/2023\/07\/HanitaYan-14-1024x819.jpg\" alt=\"\" class=\"wp-image-10640\" srcset=\"https:\/\/www.patutkd.org\/wp-content\/uploads\/2023\/07\/HanitaYan-14-1024x819.jpg 1024w, https:\/\/www.patutkd.org\/wp-content\/uploads\/2023\/07\/HanitaYan-14-300x240.jpg 300w, https:\/\/www.patutkd.org\/wp-content\/uploads\/2023\/07\/HanitaYan-14-768x614.jpg 768w, https:\/\/www.patutkd.org\/wp-content\/uploads\/2023\/07\/HanitaYan-14-1536x1229.jpg 1536w, https:\/\/www.patutkd.org\/wp-content\/uploads\/2023\/07\/HanitaYan-14-2048x1639.jpg 2048w, https:\/\/www.patutkd.org\/wp-content\/uploads\/2023\/07\/HanitaYan-14-15x12.jpg 15w, https:\/\/www.patutkd.org\/wp-content\/uploads\/2023\/07\/HanitaYan-14-340x272.jpg 340w, https:\/\/www.patutkd.org\/wp-content\/uploads\/2023\/07\/HanitaYan-14-600x480.jpg 600w, https:\/\/www.patutkd.org\/wp-content\/uploads\/2023\/07\/HanitaYan-14-755x604.jpg 755w, https:\/\/www.patutkd.org\/wp-content\/uploads\/2023\/07\/HanitaYan-14-585x468.jpg 585w\" sizes=\"auto, (max-width: 1024px) 100vw, 1024px\" \/><\/figure>\n\n\n\n<blockquote class=\"wp-block-quote is-layout-flow wp-block-quote-is-layout-flow\"><p><strong><em>\u201cMi agradecimiento siempre ser\u00e1 con las autoridades de mi Federaci\u00f3n Dominicana de Taekwondo, con Miguel y Francisco Camacho, as\u00ed como con todo mi equipo de entrenadores y mis compa\u00f1eros. Creo que eso y el esfuerzo que uno hace, nos permiten recoger las medallas para honrar nuestra bandera\u201d, <\/em><\/strong>expuso Bernardo.<\/p><\/blockquote>\n\n\n\n<p><strong>-68kg Male<\/strong><\/p>\n\n\n\n<p>1.- Bernardo Pie DOM<\/p>\n\n\n\n<p>2.- David Paz COL<\/p>\n\n\n\n<p>3.- Adri\u00e1n Ben\u00edtez PUR<\/p>\n\n\n\n<p>3.- Iker Casas MEX<\/p>\n\n\n\n<p><strong>EL DATO:<\/strong> Rep\u00fablica Dominicana ha estado presente en el podio de la categor\u00eda Feather en siete de las nueve ediciones del taekwondo en Juegos CAC:<\/p>\n\n\n\n<ul class=\"wp-block-list\"><li>Ponce 93\u2019 (Plata \u2013 Miguel Camacho)<\/li><li>Maracaibo 98\u2019 (Plata \u2013 Emigdio P\u00e9rez)<\/li><li>El Salvador 2002 (Bronce \u2013 Richer Arias)<\/li><li>Medell\u00edn 2010 (Plata \u2013 Jean Bartermi)<\/li><li>Veracruz 2014 (Oro &#8211; Enmanuelle Mateo)<\/li><li>Barranquilla 2018 ( Bronce \u2013 Enmanuelle Mateo)<\/li><li>San Salvador 2023 (Oro \u2013 Bernardo Pie)<\/li><\/ul>\n\n\n\n<p><\/p>\n\n\n\n<p><strong>Trejos, camino perfecto al Olimpo<\/strong><\/p>\n\n\n\n<p>Campe\u00f3n bolivariano, suramericano y ahora centroamericano y del caribe: Este es el Miguel Trejos que, adem\u00e1s de estos t\u00edtulos, viene de lograr una medalla mundial en Bak\u00fa, resultados que lo posicionan en un sitial de favoritismo como firme candidato a un gran desempe\u00f1o en Par\u00eds 2024.<\/p>\n\n\n\n<p>En San Salvador, el colombiano logr\u00f3 tres victorias consecutivas para coronarse: 2-0 sobre Yunier Noa (CUB); 2-0 sobre Mois\u00e9s Hern\u00e1ndez (DOM) y en la final super\u00f3 en dos rounds a Alejandro Flores (CRC).<\/p>\n\n\n\n<figure class=\"wp-block-image size-large\"><img loading=\"lazy\" decoding=\"async\" width=\"819\" height=\"1024\" src=\"https:\/\/www.patutkd.org\/wp-content\/uploads\/2023\/07\/HanitaYan-16-819x1024.jpg\" alt=\"\" class=\"wp-image-10641\" srcset=\"https:\/\/www.patutkd.org\/wp-content\/uploads\/2023\/07\/HanitaYan-16-819x1024.jpg 819w, https:\/\/www.patutkd.org\/wp-content\/uploads\/2023\/07\/HanitaYan-16-240x300.jpg 240w, https:\/\/www.patutkd.org\/wp-content\/uploads\/2023\/07\/HanitaYan-16-768x960.jpg 768w, https:\/\/www.patutkd.org\/wp-content\/uploads\/2023\/07\/HanitaYan-16-1229x1536.jpg 1229w, https:\/\/www.patutkd.org\/wp-content\/uploads\/2023\/07\/HanitaYan-16-1638x2048.jpg 1638w, https:\/\/www.patutkd.org\/wp-content\/uploads\/2023\/07\/HanitaYan-16-10x12.jpg 10w, https:\/\/www.patutkd.org\/wp-content\/uploads\/2023\/07\/HanitaYan-16-340x425.jpg 340w, https:\/\/www.patutkd.org\/wp-content\/uploads\/2023\/07\/HanitaYan-16-600x750.jpg 600w, https:\/\/www.patutkd.org\/wp-content\/uploads\/2023\/07\/HanitaYan-16-604x755.jpg 604w, https:\/\/www.patutkd.org\/wp-content\/uploads\/2023\/07\/HanitaYan-16-416x520.jpg 416w, https:\/\/www.patutkd.org\/wp-content\/uploads\/2023\/07\/HanitaYan-16-scaled.jpg 2048w\" sizes=\"auto, (max-width: 819px) 100vw, 819px\" \/><\/figure>\n\n\n\n<blockquote class=\"wp-block-quote is-layout-flow wp-block-quote-is-layout-flow\"><p><strong><em>\u201cHa sido una competencia de much\u00edsimo nivel en la que est\u00e1bamos hasta tres medallistas mundiales como Bryan Salazar de M\u00e9xico, Mois\u00e9s Hern\u00e1ndez de Rep\u00fablica Dominicana y yo. Creo que ha sido una bendici\u00f3n todo este ciclo e incluso muchos de los buenos resultados de la selecci\u00f3n Colombia. Hemos trabajado muy duro siempre y lo seguiremos haciendo\u201d,<\/em><\/strong> expuso Trejos, quien sell\u00f3 con bronce de oro el t\u00edtulo absoluto de Colombia en el medallero general del taekwondo.<\/p><\/blockquote>\n\n\n\n<p><strong>-80kg Masculino<\/strong><\/p>\n\n\n\n<p>1.- Miguel Trejos COL<\/p>\n\n\n\n<p>2.- Alejandro Flores CRC<\/p>\n\n\n\n<p>3.- Mois\u00e9s Hern\u00e1ndez DOM<\/p>\n\n\n\n<p>3.- Brando Sealy JAM<\/p>\n\n\n\n<p><\/p>\n\n\n\n<p><strong>Costa Rica de oro con Neshi Lindo<\/strong><\/p>\n\n\n\n<p>El tercer oro de Costa Rica en el taekwondo de San Salvador 2023 lleg\u00f3 gracias a Neshi Lindo, ganadora de los -57kg ante la local dominicana Adrialis Bonilla.<\/p>\n\n\n\n<blockquote class=\"wp-block-quote is-layout-flow wp-block-quote-is-layout-flow\"><p><strong><em>\u201cEstoy muy, muy contenta, he trabajado y me he preparado mucho y muy bien y ac\u00e1 es donde todos los sacrificios dan resultados. En el combate estaba muy emocionada, muy nerviosa con la adrenalina y todo, pero ya adentro creo que me olvid\u00e9 de todo eso, fuimos a darle y bueno, s\u00ed se pudo. Es una medalla que representa todos los a\u00f1os de sacrificio y entrenamiento, estoy muy orgullosa\u201d,<\/em><\/strong> dijo en declaraciones al Comit\u00e9 Ol\u00edmpico Nacional.<\/p><\/blockquote>\n\n\n\n<figure class=\"wp-block-image size-large\"><img loading=\"lazy\" decoding=\"async\" width=\"819\" height=\"1024\" src=\"https:\/\/www.patutkd.org\/wp-content\/uploads\/2023\/07\/HanitaYan-19-819x1024.jpg\" alt=\"\" class=\"wp-image-10642\" srcset=\"https:\/\/www.patutkd.org\/wp-content\/uploads\/2023\/07\/HanitaYan-19-819x1024.jpg 819w, https:\/\/www.patutkd.org\/wp-content\/uploads\/2023\/07\/HanitaYan-19-240x300.jpg 240w, https:\/\/www.patutkd.org\/wp-content\/uploads\/2023\/07\/HanitaYan-19-768x960.jpg 768w, https:\/\/www.patutkd.org\/wp-content\/uploads\/2023\/07\/HanitaYan-19-1229x1536.jpg 1229w, https:\/\/www.patutkd.org\/wp-content\/uploads\/2023\/07\/HanitaYan-19-1639x2048.jpg 1639w, https:\/\/www.patutkd.org\/wp-content\/uploads\/2023\/07\/HanitaYan-19-10x12.jpg 10w, https:\/\/www.patutkd.org\/wp-content\/uploads\/2023\/07\/HanitaYan-19-340x425.jpg 340w, https:\/\/www.patutkd.org\/wp-content\/uploads\/2023\/07\/HanitaYan-19-600x750.jpg 600w, https:\/\/www.patutkd.org\/wp-content\/uploads\/2023\/07\/HanitaYan-19-604x755.jpg 604w, https:\/\/www.patutkd.org\/wp-content\/uploads\/2023\/07\/HanitaYan-19-416x520.jpg 416w, https:\/\/www.patutkd.org\/wp-content\/uploads\/2023\/07\/HanitaYan-19-scaled.jpg 2048w\" sizes=\"auto, (max-width: 819px) 100vw, 819px\" \/><\/figure>\n\n\n\n<p>Lindo, bronce en los Panamericanos Lima 2019 y ol\u00edmpica en Tokio 2020, derrot\u00f3 en cuartos de final a Sheyli L\u00f3pez HON por 2-0, en semifinales despach\u00f3 a la campeona vigente Tamara Robles CUB en dos rounds, y en la final super\u00f3, tambi\u00e9n en dos rounds, a Bonilla de Rep\u00fablica Dominicana, para celebrar la medalla de oro.<\/p>\n\n\n\n<p><strong>-57kg Femenino<\/strong><\/p>\n\n\n\n<p>1.- Neshy Lee Lindo CRC<\/p>\n\n\n\n<p>2.- Adrialis Bonilla DOM<\/p>\n\n\n\n<p>3.- Tamara Robles CUB<\/p>\n\n\n\n<p>3.- Carolena Cartens PAN<\/p>\n\n\n\n<p><\/p>\n\n\n\n<p><strong>Arlettys Acosta, bicampeona<\/strong><\/p>\n\n\n\n<p>La cubana Arlettys Acosta sac\u00f3 la casta antillana y derrot\u00f3 en la final de los -67kg a la representante de Hait\u00ed Ava Soon Lee (2-1) para adue\u00f1arse del oro en San Salvador 2023, tal como lo hizo hace cinco a\u00f1os en Barranquilla 2018, cuando derrot\u00f3 en la final a la costarricense Katherine Alvarado (5-3) para coronarse reina de Centroam\u00e9rica y el Caribe en esta misma divisi\u00f3n.<\/p>\n\n\n\n<p>Con anterioridad, Acosta,quien logr\u00f3 medalla de bronce en los Panamericanos Lima 2019, &nbsp;venci\u00f3 en semifinales 2-0 a la campeona mundial 2022 Leslie Soltero, de M\u00e9xico, y en cuartos de final venci\u00f3 2-0 a la dominicana Madelyn Rodr\u00edguez.<\/p>\n\n\n\n<figure class=\"wp-block-image size-large\"><img loading=\"lazy\" decoding=\"async\" width=\"819\" height=\"1024\" src=\"https:\/\/www.patutkd.org\/wp-content\/uploads\/2023\/07\/HanitaYan-2-2-819x1024.jpg\" alt=\"\" class=\"wp-image-10643\" srcset=\"https:\/\/www.patutkd.org\/wp-content\/uploads\/2023\/07\/HanitaYan-2-2-819x1024.jpg 819w, https:\/\/www.patutkd.org\/wp-content\/uploads\/2023\/07\/HanitaYan-2-2-240x300.jpg 240w, https:\/\/www.patutkd.org\/wp-content\/uploads\/2023\/07\/HanitaYan-2-2-768x960.jpg 768w, https:\/\/www.patutkd.org\/wp-content\/uploads\/2023\/07\/HanitaYan-2-2-1229x1536.jpg 1229w, https:\/\/www.patutkd.org\/wp-content\/uploads\/2023\/07\/HanitaYan-2-2-1638x2048.jpg 1638w, https:\/\/www.patutkd.org\/wp-content\/uploads\/2023\/07\/HanitaYan-2-2-10x12.jpg 10w, https:\/\/www.patutkd.org\/wp-content\/uploads\/2023\/07\/HanitaYan-2-2-340x425.jpg 340w, https:\/\/www.patutkd.org\/wp-content\/uploads\/2023\/07\/HanitaYan-2-2-600x750.jpg 600w, https:\/\/www.patutkd.org\/wp-content\/uploads\/2023\/07\/HanitaYan-2-2-604x755.jpg 604w, https:\/\/www.patutkd.org\/wp-content\/uploads\/2023\/07\/HanitaYan-2-2-416x520.jpg 416w, https:\/\/www.patutkd.org\/wp-content\/uploads\/2023\/07\/HanitaYan-2-2-scaled.jpg 2048w\" sizes=\"auto, (max-width: 819px) 100vw, 819px\" \/><\/figure>\n\n\n\n<blockquote class=\"wp-block-quote is-layout-flow wp-block-quote-is-layout-flow\"><p><strong><em>\u201cEstoy muy contenta porque esta medalla es el resultado de mi gran sacrificio en un a\u00f1o entero. Estoy s\u00faper feliz. Se me hicieron dif\u00edciles todas las peleas, pero lo importante ha sido ganar\u201d, declar\u00f3 a la prensa desde la zona de calentamiento y en pos de recibir su medalla la villaclare\u00f1a de 24 a\u00f1os de edad.<\/em><\/strong><\/p><p><strong><em>\u201cQuiero dedicarle este triunfo a mi familia en Cuba, los quiero y agradezco a todos los que me han apoyado para llegar a este punto de mi carrera\u201d, cerr\u00f3.<\/em><\/strong><\/p><\/blockquote>\n\n\n\n<p><strong>-67kg Femenino<\/strong><\/p>\n\n\n\n<p>1.- Arlettys Acosta CUB<\/p>\n\n\n\n<p>2.- Ava Soon Lee HAI<\/p>\n\n\n\n<p>3.- Naishka Rom\u00e1n PUR<\/p>\n\n\n\n<p>3.- Leslie Soltero MEX<\/p>\n\n\n\n<p><\/p>","protected":false},"excerpt":{"rendered":"<p>Santo Domingo, RD.- Cuatro distintos pa\u00edses conquistaron las medallas de oro en disputa durante la jornada de cierre del Kyorugui individual del taekwondo en los Juegos Centroamericanos y del Caribe San Salvador 2023: Colombia con Miguel Trejos (-80kg), Costa Rica y Neshi Lee Lindo (-57kg), Cuba con Arlettys Acosta (-67kg) y la casa, Rep\u00fablica Dominicana, con Bernardo Pie (-68kg) en plan estelar, fueron los ganadores del d\u00eda en el Palacio de Voleibol del Complejo Ol\u00edmpico \u201cJuan Pablo Duarte\u201d de Santo Domingo, sede de la competencia que baja el tel\u00f3n este 7 de julio. Bernardo extiende su dominio Bernardo Pie (-68kg) conquist\u00f3 su segundo t\u00edtulo centroamericano y del caribe con honores en su casa, al dominar en una final de alt\u00edsimo nivel al colombiano David Paz en tres rounds. El dominicano supero en cuartos de final al cubano \u00c1ngel Fern\u00e1ndez (2-0), en semifinales se impuso al puertorique\u00f1o Adri\u00e1n Ben\u00edtez (2-0) y [&hellip;]<\/p>","protected":false},"author":3,"featured_media":10639,"comment_status":"closed","ping_status":"open","sticky":false,"template":"","format":"standard","meta":{"cybocfi_hide_featured_image":"","footnotes":""},"categories":[278],"tags":[291,297,289,290,307,293,303,294],"class_list":["post-10638","post","type-post","status-publish","format-standard","has-post-thumbnail","hentry","category-espanol","tag-fedotae","tag-juan-manuel-lopez-delgado","tag-panamerican-taekwondo-union","tag-patu","tag-patu12","tag-republica-dominicana-patu-taekwondo","tag-san-salvador-2023","tag-world-taekwondo"],"yoast_head":"<!-- This site is optimized with the Yoast SEO plugin v26.7 - https:\/\/yoast.com\/wordpress\/plugins\/seo\/ -->\n<title>Memorables victorias de Colombia, Costa Rica, Cuba y Rep\u00fablica Dominicana en Santo Domingo - PATU | Pan American Taekwondo Union<\/title>\n<meta name=\"robots\" content=\"index, follow, max-snippet:-1, max-image-preview:large, max-video-preview:-1\" \/>\n<link rel=\"canonical\" href=\"https:\/\/www.patutkd.org\/en\/memorables-victorias-de-colombia-costa-rica-cuba-y-republica-dominicana-en-santo-domingo\/\" \/>\n<meta property=\"og:locale\" content=\"en_US\" \/>\n<meta property=\"og:type\" content=\"article\" \/>\n<meta property=\"og:title\" content=\"Memorables victorias de Colombia, Costa Rica, Cuba y Rep\u00fablica Dominicana en Santo Domingo - PATU | Pan American Taekwondo Union\" \/>\n<meta property=\"og:description\" content=\"Santo Domingo, RD.- Cuatro distintos pa\u00edses conquistaron las medallas de oro en disputa durante la jornada de cierre del Kyorugui individual del taekwondo en los Juegos Centroamericanos y del Caribe San Salvador 2023: Colombia con Miguel Trejos (-80kg), Costa Rica y Neshi Lee Lindo (-57kg), Cuba con Arlettys Acosta (-67kg) y la casa, Rep\u00fablica Dominicana, con Bernardo Pie (-68kg) en plan estelar, fueron los ganadores del d\u00eda en el Palacio de Voleibol del Complejo Ol\u00edmpico \u201cJuan Pablo Duarte\u201d de Santo Domingo, sede de la competencia que baja el tel\u00f3n este 7 de julio. Bernardo extiende su dominio Bernardo Pie (-68kg) conquist\u00f3 su segundo t\u00edtulo centroamericano y del caribe con honores en su casa, al dominar en una final de alt\u00edsimo nivel al colombiano David Paz en tres rounds. El dominicano supero en cuartos de final al cubano \u00c1ngel Fern\u00e1ndez (2-0), en semifinales se impuso al puertorique\u00f1o Adri\u00e1n Ben\u00edtez (2-0) y [&hellip;]\" \/>\n<meta property=\"og:url\" content=\"https:\/\/www.patutkd.org\/en\/memorables-victorias-de-colombia-costa-rica-cuba-y-republica-dominicana-en-santo-domingo\/\" \/>\n<meta property=\"og:site_name\" content=\"PATU | Pan American Taekwondo Union\" \/>\n<meta property=\"article:published_time\" content=\"2023-07-06T20:28:00+00:00\" \/>\n<meta property=\"article:modified_time\" content=\"2025-08-29T18:35:21+00:00\" \/>\n<meta property=\"og:image\" content=\"https:\/\/www.patutkd.org\/wp-content\/uploads\/2023\/07\/HanitaYan-2-1-scaled.jpg\" \/>\n\t<meta property=\"og:image:width\" content=\"2560\" \/>\n\t<meta property=\"og:image:height\" content=\"2048\" \/>\n\t<meta property=\"og:image:type\" content=\"image\/jpeg\" \/>\n<meta name=\"author\" content=\"administrador patutkd\" \/>\n<meta name=\"twitter:card\" content=\"summary_large_image\" \/>\n<meta name=\"twitter:label1\" content=\"Written by\" \/>\n\t<meta name=\"twitter:data1\" content=\"administrador patutkd\" \/>\n\t<meta name=\"twitter:label2\" content=\"Est. reading time\" \/>\n\t<meta name=\"twitter:data2\" content=\"5 minutes\" \/>\n<script type=\"application\/ld+json\" class=\"yoast-schema-graph\">{\"@context\":\"https:\/\/schema.org\",\"@graph\":[{\"@type\":\"Article\",\"@id\":\"https:\/\/www.patutkd.org\/memorables-victorias-de-colombia-costa-rica-cuba-y-republica-dominicana-en-santo-domingo\/#article\",\"isPartOf\":{\"@id\":\"https:\/\/www.patutkd.org\/memorables-victorias-de-colombia-costa-rica-cuba-y-republica-dominicana-en-santo-domingo\/\"},\"author\":{\"name\":\"administrador patutkd\",\"@id\":\"https:\/\/www.patutkd.org\/#\/schema\/person\/2dd5df8e67b5c8e99c15cc2a30e0944c\"},\"headline\":\"Memorables victorias de Colombia, Costa Rica, Cuba y Rep\u00fablica Dominicana en Santo Domingo\",\"datePublished\":\"2023-07-06T20:28:00+00:00\",\"dateModified\":\"2025-08-29T18:35:21+00:00\",\"mainEntityOfPage\":{\"@id\":\"https:\/\/www.patutkd.org\/memorables-victorias-de-colombia-costa-rica-cuba-y-republica-dominicana-en-santo-domingo\/\"},\"wordCount\":950,\"image\":{\"@id\":\"https:\/\/www.patutkd.org\/memorables-victorias-de-colombia-costa-rica-cuba-y-republica-dominicana-en-santo-domingo\/#primaryimage\"},\"thumbnailUrl\":\"https:\/\/www.patutkd.org\/wp-content\/uploads\/2023\/07\/HanitaYan-2-1-scaled.jpg\",\"keywords\":[\"FEDOTAE\",\"Juan Manuel L\u00f3pez Delgado\",\"Panamerican Taekwondo Union\",\"PATU\",\"PATU12\",\"Rep\u00fablica Dominicana PATU TAEKWONDO\",\"San Salvador 2023\",\"World Taekwondo\"],\"articleSection\":[\"Espa\u00f1ol\"],\"inLanguage\":\"en-US\"},{\"@type\":\"WebPage\",\"@id\":\"https:\/\/www.patutkd.org\/memorables-victorias-de-colombia-costa-rica-cuba-y-republica-dominicana-en-santo-domingo\/\",\"url\":\"https:\/\/www.patutkd.org\/memorables-victorias-de-colombia-costa-rica-cuba-y-republica-dominicana-en-santo-domingo\/\",\"name\":\"Memorables victorias de Colombia, Costa Rica, Cuba y Rep\u00fablica Dominicana en Santo Domingo - PATU | Pan American Taekwondo Union\",\"isPartOf\":{\"@id\":\"https:\/\/www.patutkd.org\/#website\"},\"primaryImageOfPage\":{\"@id\":\"https:\/\/www.patutkd.org\/memorables-victorias-de-colombia-costa-rica-cuba-y-republica-dominicana-en-santo-domingo\/#primaryimage\"},\"image\":{\"@id\":\"https:\/\/www.patutkd.org\/memorables-victorias-de-colombia-costa-rica-cuba-y-republica-dominicana-en-santo-domingo\/#primaryimage\"},\"thumbnailUrl\":\"https:\/\/www.patutkd.org\/wp-content\/uploads\/2023\/07\/HanitaYan-2-1-scaled.jpg\",\"datePublished\":\"2023-07-06T20:28:00+00:00\",\"dateModified\":\"2025-08-29T18:35:21+00:00\",\"author\":{\"@id\":\"https:\/\/www.patutkd.org\/#\/schema\/person\/2dd5df8e67b5c8e99c15cc2a30e0944c\"},\"breadcrumb\":{\"@id\":\"https:\/\/www.patutkd.org\/memorables-victorias-de-colombia-costa-rica-cuba-y-republica-dominicana-en-santo-domingo\/#breadcrumb\"},\"inLanguage\":\"en-US\",\"potentialAction\":[{\"@type\":\"ReadAction\",\"target\":[\"https:\/\/www.patutkd.org\/memorables-victorias-de-colombia-costa-rica-cuba-y-republica-dominicana-en-santo-domingo\/\"]}]},{\"@type\":\"ImageObject\",\"inLanguage\":\"en-US\",\"@id\":\"https:\/\/www.patutkd.org\/memorables-victorias-de-colombia-costa-rica-cuba-y-republica-dominicana-en-santo-domingo\/#primaryimage\",\"url\":\"https:\/\/www.patutkd.org\/wp-content\/uploads\/2023\/07\/HanitaYan-2-1-scaled.jpg\",\"contentUrl\":\"https:\/\/www.patutkd.org\/wp-content\/uploads\/2023\/07\/HanitaYan-2-1-scaled.jpg\",\"width\":2560,\"height\":2048},{\"@type\":\"BreadcrumbList\",\"@id\":\"https:\/\/www.patutkd.org\/memorables-victorias-de-colombia-costa-rica-cuba-y-republica-dominicana-en-santo-domingo\/#breadcrumb\",\"itemListElement\":[{\"@type\":\"ListItem\",\"position\":1,\"name\":\"Inicio\",\"item\":\"https:\/\/www.patutkd.org\/\"},{\"@type\":\"ListItem\",\"position\":2,\"name\":\"Memorables victorias de Colombia, Costa Rica, Cuba y Rep\u00fablica Dominicana en Santo Domingo\"}]},{\"@type\":\"WebSite\",\"@id\":\"https:\/\/www.patutkd.org\/#website\",\"url\":\"https:\/\/www.patutkd.org\/\",\"name\":\"PATU | Pan American Taekwondo Union\",\"description\":\"\",\"potentialAction\":[{\"@type\":\"SearchAction\",\"target\":{\"@type\":\"EntryPoint\",\"urlTemplate\":\"https:\/\/www.patutkd.org\/?s={search_term_string}\"},\"query-input\":{\"@type\":\"PropertyValueSpecification\",\"valueRequired\":true,\"valueName\":\"search_term_string\"}}],\"inLanguage\":\"en-US\"},{\"@type\":\"Person\",\"@id\":\"https:\/\/www.patutkd.org\/#\/schema\/person\/2dd5df8e67b5c8e99c15cc2a30e0944c\",\"name\":\"administrador patutkd\",\"image\":{\"@type\":\"ImageObject\",\"inLanguage\":\"en-US\",\"@id\":\"https:\/\/www.patutkd.org\/#\/schema\/person\/image\/\",\"url\":\"https:\/\/secure.gravatar.com\/avatar\/e804420b29e5d0e18047e92c6d70c99f49295340ec61fde9685872e38df0a3ba?s=96&d=mm&r=g\",\"contentUrl\":\"https:\/\/secure.gravatar.com\/avatar\/e804420b29e5d0e18047e92c6d70c99f49295340ec61fde9685872e38df0a3ba?s=96&d=mm&r=g\",\"caption\":\"administrador patutkd\"},\"url\":\"https:\/\/www.patutkd.org\/en\/author\/patutkd\/\"}]}<\/script>\n<!-- \/ Yoast SEO plugin. -->","yoast_head_json":{"title":"Memorables victorias de Colombia, Costa Rica, Cuba y Rep\u00fablica Dominicana en Santo Domingo - PATU | Pan American Taekwondo Union","robots":{"index":"index","follow":"follow","max-snippet":"max-snippet:-1","max-image-preview":"max-image-preview:large","max-video-preview":"max-video-preview:-1"},"canonical":"https:\/\/www.patutkd.org\/en\/memorables-victorias-de-colombia-costa-rica-cuba-y-republica-dominicana-en-santo-domingo\/","og_locale":"en_US","og_type":"article","og_title":"Memorables victorias de Colombia, Costa Rica, Cuba y Rep\u00fablica Dominicana en Santo Domingo - PATU | Pan American Taekwondo Union","og_description":"Santo Domingo, RD.- Cuatro distintos pa\u00edses conquistaron las medallas de oro en disputa durante la jornada de cierre del Kyorugui individual del taekwondo en los Juegos Centroamericanos y del Caribe San Salvador 2023: Colombia con Miguel Trejos (-80kg), Costa Rica y Neshi Lee Lindo (-57kg), Cuba con Arlettys Acosta (-67kg) y la casa, Rep\u00fablica Dominicana, con Bernardo Pie (-68kg) en plan estelar, fueron los ganadores del d\u00eda en el Palacio de Voleibol del Complejo Ol\u00edmpico \u201cJuan Pablo Duarte\u201d de Santo Domingo, sede de la competencia que baja el tel\u00f3n este 7 de julio. Bernardo extiende su dominio Bernardo Pie (-68kg) conquist\u00f3 su segundo t\u00edtulo centroamericano y del caribe con honores en su casa, al dominar en una final de alt\u00edsimo nivel al colombiano David Paz en tres rounds. El dominicano supero en cuartos de final al cubano \u00c1ngel Fern\u00e1ndez (2-0), en semifinales se impuso al puertorique\u00f1o Adri\u00e1n Ben\u00edtez (2-0) y [&hellip;]","og_url":"https:\/\/www.patutkd.org\/en\/memorables-victorias-de-colombia-costa-rica-cuba-y-republica-dominicana-en-santo-domingo\/","og_site_name":"PATU | Pan American Taekwondo Union","article_published_time":"2023-07-06T20:28:00+00:00","article_modified_time":"2025-08-29T18:35:21+00:00","og_image":[{"width":2560,"height":2048,"url":"https:\/\/www.patutkd.org\/wp-content\/uploads\/2023\/07\/HanitaYan-2-1-scaled.jpg","type":"image\/jpeg"}],"author":"administrador patutkd","twitter_card":"summary_large_image","twitter_misc":{"Written by":"administrador patutkd","Est. reading time":"5 minutes"},"schema":{"@context":"https:\/\/schema.org","@graph":[{"@type":"Article","@id":"https:\/\/www.patutkd.org\/memorables-victorias-de-colombia-costa-rica-cuba-y-republica-dominicana-en-santo-domingo\/#article","isPartOf":{"@id":"https:\/\/www.patutkd.org\/memorables-victorias-de-colombia-costa-rica-cuba-y-republica-dominicana-en-santo-domingo\/"},"author":{"name":"administrador patutkd","@id":"https:\/\/www.patutkd.org\/#\/schema\/person\/2dd5df8e67b5c8e99c15cc2a30e0944c"},"headline":"Memorables victorias de Colombia, Costa Rica, Cuba y Rep\u00fablica Dominicana en Santo Domingo","datePublished":"2023-07-06T20:28:00+00:00","dateModified":"2025-08-29T18:35:21+00:00","mainEntityOfPage":{"@id":"https:\/\/www.patutkd.org\/memorables-victorias-de-colombia-costa-rica-cuba-y-republica-dominicana-en-santo-domingo\/"},"wordCount":950,"image":{"@id":"https:\/\/www.patutkd.org\/memorables-victorias-de-colombia-costa-rica-cuba-y-republica-dominicana-en-santo-domingo\/#primaryimage"},"thumbnailUrl":"https:\/\/www.patutkd.org\/wp-content\/uploads\/2023\/07\/HanitaYan-2-1-scaled.jpg","keywords":["FEDOTAE","Juan Manuel L\u00f3pez Delgado","Panamerican Taekwondo Union","PATU","PATU12","Rep\u00fablica Dominicana PATU TAEKWONDO","San Salvador 2023","World Taekwondo"],"articleSection":["Espa\u00f1ol"],"inLanguage":"en-US"},{"@type":"WebPage","@id":"https:\/\/www.patutkd.org\/memorables-victorias-de-colombia-costa-rica-cuba-y-republica-dominicana-en-santo-domingo\/","url":"https:\/\/www.patutkd.org\/memorables-victorias-de-colombia-costa-rica-cuba-y-republica-dominicana-en-santo-domingo\/","name":"Memorables victorias de Colombia, Costa Rica, Cuba y Rep\u00fablica Dominicana en Santo Domingo - PATU | Pan American Taekwondo Union","isPartOf":{"@id":"https:\/\/www.patutkd.org\/#website"},"primaryImageOfPage":{"@id":"https:\/\/www.patutkd.org\/memorables-victorias-de-colombia-costa-rica-cuba-y-republica-dominicana-en-santo-domingo\/#primaryimage"},"image":{"@id":"https:\/\/www.patutkd.org\/memorables-victorias-de-colombia-costa-rica-cuba-y-republica-dominicana-en-santo-domingo\/#primaryimage"},"thumbnailUrl":"https:\/\/www.patutkd.org\/wp-content\/uploads\/2023\/07\/HanitaYan-2-1-scaled.jpg","datePublished":"2023-07-06T20:28:00+00:00","dateModified":"2025-08-29T18:35:21+00:00","author":{"@id":"https:\/\/www.patutkd.org\/#\/schema\/person\/2dd5df8e67b5c8e99c15cc2a30e0944c"},"breadcrumb":{"@id":"https:\/\/www.patutkd.org\/memorables-victorias-de-colombia-costa-rica-cuba-y-republica-dominicana-en-santo-domingo\/#breadcrumb"},"inLanguage":"en-US","potentialAction":[{"@type":"ReadAction","target":["https:\/\/www.patutkd.org\/memorables-victorias-de-colombia-costa-rica-cuba-y-republica-dominicana-en-santo-domingo\/"]}]},{"@type":"ImageObject","inLanguage":"en-US","@id":"https:\/\/www.patutkd.org\/memorables-victorias-de-colombia-costa-rica-cuba-y-republica-dominicana-en-santo-domingo\/#primaryimage","url":"https:\/\/www.patutkd.org\/wp-content\/uploads\/2023\/07\/HanitaYan-2-1-scaled.jpg","contentUrl":"https:\/\/www.patutkd.org\/wp-content\/uploads\/2023\/07\/HanitaYan-2-1-scaled.jpg","width":2560,"height":2048},{"@type":"BreadcrumbList","@id":"https:\/\/www.patutkd.org\/memorables-victorias-de-colombia-costa-rica-cuba-y-republica-dominicana-en-santo-domingo\/#breadcrumb","itemListElement":[{"@type":"ListItem","position":1,"name":"Inicio","item":"https:\/\/www.patutkd.org\/"},{"@type":"ListItem","position":2,"name":"Memorables victorias de Colombia, Costa Rica, Cuba y Rep\u00fablica Dominicana en Santo Domingo"}]},{"@type":"WebSite","@id":"https:\/\/www.patutkd.org\/#website","url":"https:\/\/www.patutkd.org\/","name":"PATU | Pan American Taekwondo Union","description":"","potentialAction":[{"@type":"SearchAction","target":{"@type":"EntryPoint","urlTemplate":"https:\/\/www.patutkd.org\/?s={search_term_string}"},"query-input":{"@type":"PropertyValueSpecification","valueRequired":true,"valueName":"search_term_string"}}],"inLanguage":"en-US"},{"@type":"Person","@id":"https:\/\/www.patutkd.org\/#\/schema\/person\/2dd5df8e67b5c8e99c15cc2a30e0944c","name":"administrador patutkd","image":{"@type":"ImageObject","inLanguage":"en-US","@id":"https:\/\/www.patutkd.org\/#\/schema\/person\/image\/","url":"https:\/\/secure.gravatar.com\/avatar\/e804420b29e5d0e18047e92c6d70c99f49295340ec61fde9685872e38df0a3ba?s=96&d=mm&r=g","contentUrl":"https:\/\/secure.gravatar.com\/avatar\/e804420b29e5d0e18047e92c6d70c99f49295340ec61fde9685872e38df0a3ba?s=96&d=mm&r=g","caption":"administrador patutkd"},"url":"https:\/\/www.patutkd.org\/en\/author\/patutkd\/"}]}},"_links":{"self":[{"href":"https:\/\/www.patutkd.org\/en\/wp-json\/wp\/v2\/posts\/10638","targetHints":{"allow":["GET"]}}],"collection":[{"href":"https:\/\/www.patutkd.org\/en\/wp-json\/wp\/v2\/posts"}],"about":[{"href":"https:\/\/www.patutkd.org\/en\/wp-json\/wp\/v2\/types\/post"}],"author":[{"embeddable":true,"href":"https:\/\/www.patutkd.org\/en\/wp-json\/wp\/v2\/users\/3"}],"replies":[{"embeddable":true,"href":"https:\/\/www.patutkd.org\/en\/wp-json\/wp\/v2\/comments?post=10638"}],"version-history":[{"count":1,"href":"https:\/\/www.patutkd.org\/en\/wp-json\/wp\/v2\/posts\/10638\/revisions"}],"predecessor-version":[{"id":10644,"href":"https:\/\/www.patutkd.org\/en\/wp-json\/wp\/v2\/posts\/10638\/revisions\/10644"}],"wp:featuredmedia":[{"embeddable":true,"href":"https:\/\/www.patutkd.org\/en\/wp-json\/wp\/v2\/media\/10639"}],"wp:attachment":[{"href":"https:\/\/www.patutkd.org\/en\/wp-json\/wp\/v2\/media?parent=10638"}],"wp:term":[{"taxonomy":"category","embeddable":true,"href":"https:\/\/www.patutkd.org\/en\/wp-json\/wp\/v2\/categories?post=10638"},{"taxonomy":"post_tag","embeddable":true,"href":"https:\/\/www.patutkd.org\/en\/wp-json\/wp\/v2\/tags?post=10638"}],"curies":[{"name":"wp","href":"https:\/\/api.w.org\/{rel}","templated":true}]}}