{"id":10629,"date":"2023-07-05T18:25:00","date_gmt":"2023-07-05T18:25:00","guid":{"rendered":"https:\/\/www.patutkd.org\/?p=10629"},"modified":"2025-08-29T18:35:21","modified_gmt":"2025-08-29T18:35:21","slug":"mexico-cuba-y-colombia-se-consagran-en-el-inicio-del-kyorugui-cac","status":"publish","type":"post","link":"https:\/\/www.patutkd.org\/en\/mexico-cuba-y-colombia-se-consagran-en-el-inicio-del-kyorugui-cac\/","title":{"rendered":"M\u00e9xico, Cuba y Colombia se consagran en el inicio del Kyorugui CAC"},"content":{"rendered":"<p><strong>Santo Domingo, RD.-<\/strong> Las victorias de Brandon Plaza (-58kg), Rafael Alba (+80kg), Andrea Ram\u00edrez (-49kg) y Gloria Mosquera (+67kg) consagraron a M\u00e9xico, Cuba y Colombia en la cima de los Juegos Centroamericanos y del Caribe San Salvador 2023, en la jornada de este 5 de julio que dio inicio a las acciones de los combates en el Pabell\u00f3n de Voleibol del Centro Ol\u00edmpico \u201cJuan Pablo Duarte\u201d de Santo Domingo, Rep\u00fablica Dominicana.<\/p>\n\n\n\n<p><strong>Plaza, bicampe\u00f3n<\/strong><\/p>\n\n\n\n<p>Brandon Plaza, n\u00famero 8 del ranking mundial y n\u00famero 13 de la clasificaci\u00f3n ol\u00edmpica, logr\u00f3 el \u00fanico oro de M\u00e9xico en la jornada inicial del Kyorugui en San Salvador. El azteca revalid\u00f3 su t\u00edtulo de campe\u00f3n en esta cita regional obtenido hace cinco a\u00f1os en Barranquilla 2018, con victorias ante Camilo L\u00f3pez (ESA), David Fuentes (Centro Caribe Sports) y en la final venci\u00f3 ante el Jeferson Ochoa, en dos rounds.<\/p>\n\n\n\n<figure class=\"wp-block-image size-large\"><img loading=\"lazy\" decoding=\"async\" width=\"982\" height=\"1024\" src=\"https:\/\/www.patutkd.org\/wp-content\/uploads\/2023\/07\/WhatsApp-Image-2023-07-09-at-2.35.52-PM-982x1024.jpeg\" alt=\"\" class=\"wp-image-10631\" srcset=\"https:\/\/www.patutkd.org\/wp-content\/uploads\/2023\/07\/WhatsApp-Image-2023-07-09-at-2.35.52-PM-982x1024.jpeg 982w, https:\/\/www.patutkd.org\/wp-content\/uploads\/2023\/07\/WhatsApp-Image-2023-07-09-at-2.35.52-PM-288x300.jpeg 288w, https:\/\/www.patutkd.org\/wp-content\/uploads\/2023\/07\/WhatsApp-Image-2023-07-09-at-2.35.52-PM-768x801.jpeg 768w, https:\/\/www.patutkd.org\/wp-content\/uploads\/2023\/07\/WhatsApp-Image-2023-07-09-at-2.35.52-PM-12x12.jpeg 12w, https:\/\/www.patutkd.org\/wp-content\/uploads\/2023\/07\/WhatsApp-Image-2023-07-09-at-2.35.52-PM-340x354.jpeg 340w, https:\/\/www.patutkd.org\/wp-content\/uploads\/2023\/07\/WhatsApp-Image-2023-07-09-at-2.35.52-PM-600x625.jpeg 600w, https:\/\/www.patutkd.org\/wp-content\/uploads\/2023\/07\/WhatsApp-Image-2023-07-09-at-2.35.52-PM-24x24.jpeg 24w, https:\/\/www.patutkd.org\/wp-content\/uploads\/2023\/07\/WhatsApp-Image-2023-07-09-at-2.35.52-PM-724x755.jpeg 724w, https:\/\/www.patutkd.org\/wp-content\/uploads\/2023\/07\/WhatsApp-Image-2023-07-09-at-2.35.52-PM-499x520.jpeg 499w, https:\/\/www.patutkd.org\/wp-content\/uploads\/2023\/07\/WhatsApp-Image-2023-07-09-at-2.35.52-PM.jpeg 1228w\" sizes=\"auto, (max-width: 982px) 100vw, 982px\" \/><\/figure>\n\n\n\n<blockquote class=\"wp-block-quote is-layout-flow wp-block-quote-is-layout-flow\"><p><strong><em>\u201cEstoy muy emocionado de darle esta medalla a mi pa\u00eds, ya que es la segunda vez que gano esta competencia tan importante en el ciclo ol\u00edmpico. Le tengo mucho respeto a mis rivales, ya que los conozco muy bien, hemos peleado juntos much\u00edsimas veces y eso hace que las cosas a veces sean un poco m\u00e1s complicadas, pero a la vez trato de disfrutarme al m\u00e1ximo lo que hago\u201d, <\/em><\/strong>resumi\u00f3 Plaza.<\/p><\/blockquote>\n\n\n\n<p><strong>-58kg Male<\/strong><\/p>\n\n\n\n<p>1.- Brandon Plaza MEX<\/p>\n\n\n\n<p>2.- Jeferson Ochoa COL<\/p>\n\n\n\n<p>3.- Yohandri Granado VEN<\/p>\n\n\n\n<p>3.- David Fuentes CCS<\/p>\n\n\n\n<p><\/p>\n\n\n\n<p><strong>La resurrecci\u00f3n de Alba Castillo<\/strong><\/p>\n\n\n\n<p>Ha pasado tiempo y han cambiado algunas cosas, pero lo que no var\u00eda desde que Rafael Alba compiti\u00f3 por \u00faltima vez, fue el hecho de verlo en la cima del podio: el cubano reapareci\u00f3 con un nivel de fuerza, velocidad y rapidez que sencillamente lo hacen notar cada vez m\u00e1s firme como candidato a otro podio ol\u00edmpico.<\/p>\n\n\n\n<p>En Santo Domingo, el cubano escribi\u00f3 una nueva p\u00e1gina en la historia de los Centroamericanos y del Caribe, ya que se convirti\u00f3 en el primer taekwondista masculino que gana tres medallas de oro en estos Juegos: Veracruz 2014, Barranquilla 2018 y San Salvador 2023.<\/p>\n\n\n\n<figure class=\"wp-block-image size-large\"><img loading=\"lazy\" decoding=\"async\" width=\"1024\" height=\"683\" src=\"https:\/\/www.patutkd.org\/wp-content\/uploads\/2023\/07\/WhatsApp-Image-2023-07-09-at-2.38.33-PM-1024x683.jpeg\" alt=\"\" class=\"wp-image-10632\" srcset=\"https:\/\/www.patutkd.org\/wp-content\/uploads\/2023\/07\/WhatsApp-Image-2023-07-09-at-2.38.33-PM-1024x683.jpeg 1024w, https:\/\/www.patutkd.org\/wp-content\/uploads\/2023\/07\/WhatsApp-Image-2023-07-09-at-2.38.33-PM-300x200.jpeg 300w, https:\/\/www.patutkd.org\/wp-content\/uploads\/2023\/07\/WhatsApp-Image-2023-07-09-at-2.38.33-PM-768x512.jpeg 768w, https:\/\/www.patutkd.org\/wp-content\/uploads\/2023\/07\/WhatsApp-Image-2023-07-09-at-2.38.33-PM-18x12.jpeg 18w, https:\/\/www.patutkd.org\/wp-content\/uploads\/2023\/07\/WhatsApp-Image-2023-07-09-at-2.38.33-PM-340x227.jpeg 340w, https:\/\/www.patutkd.org\/wp-content\/uploads\/2023\/07\/WhatsApp-Image-2023-07-09-at-2.38.33-PM-600x400.jpeg 600w, https:\/\/www.patutkd.org\/wp-content\/uploads\/2023\/07\/WhatsApp-Image-2023-07-09-at-2.38.33-PM-755x504.jpeg 755w, https:\/\/www.patutkd.org\/wp-content\/uploads\/2023\/07\/WhatsApp-Image-2023-07-09-at-2.38.33-PM-585x390.jpeg 585w, https:\/\/www.patutkd.org\/wp-content\/uploads\/2023\/07\/WhatsApp-Image-2023-07-09-at-2.38.33-PM.jpeg 1280w\" sizes=\"auto, (max-width: 1024px) 100vw, 1024px\" \/><\/figure>\n\n\n\n<p>Venci\u00f3 en un round a Juan \u00c1lvarez PUR en cuartos de final para luego despachar en semifinales y en dos asaltos al venezolano Lu\u00eds Adelso \u00c1lvarez. As\u00ed lleg\u00f3 a la gran final donde el contendor no pod\u00eda ser otro que su amigo y ac\u00e9rrimo rival en el \u00e1rea panamericana: Carlos Sansores MEX.<\/p>\n\n\n\n<p>\u00bfEl resultado? Rafael gan\u00f3 en tres rounds un combate \u00e9pico ante el mejor rival y se convirti\u00f3 en el primer taekwondista en la historia de estos Juegos que gana tres oros de forma consecutiva.<\/p>\n\n\n\n<blockquote class=\"wp-block-quote is-layout-flow wp-block-quote-is-layout-flow\"><p><strong><em>\u201cEste es un triunfo de mi patria Cuba. He pasado por d\u00edas dif\u00edciles, pero hoy puedo decir que estoy resurgiendo de las cenizas como el Ave F\u00e9nix, y que bueno que soy el primero en ganar tres oros en estos Juegos: dos en -87kg y este en +80kg. Es bonito seguir haciendo historia para mi pa\u00eds\u201d, coment\u00f3 Alba.<\/em><\/strong><\/p><\/blockquote>\n\n\n\n<p><strong>+80kg Masculino<\/strong><\/p>\n\n\n\n<p>1.- Rafael Alba CUB<\/p>\n\n\n\n<p>2.- Carlos Sansores MEX<\/p>\n\n\n\n<p>3.- Lu\u00eds \u00c1lvarez VEN<\/p>\n\n\n\n<p>3.- Lu\u00eds Soto COL<\/p>\n\n\n\n<p><\/p>\n\n\n\n<p><strong>Andrea, la mejor -49kg<\/strong><\/p>\n\n\n\n<p>Andrea Ram\u00edrez (COL) ha labrado otro gran t\u00edtulo en el ciclo perfecto que construye rumbo a sus segundos Juegos Ol\u00edmpicos: se adue\u00f1\u00f3 el oro en los -49kg de los Juegos Centroamericanos y del Caribe San Salvador 2023 en el \u00faltimo segundo de una final que la enfrent\u00f3 con una gran rival, la mexicana Daniela Souza.<\/p>\n\n\n\n<p>Luego de superar la alcabala de la local\u00eda ante Vanessa Lara (DOM) en cuartos de final, Ram\u00edrez venci\u00f3 en semis y en combate de tres rounds a la venezolana Virginia Dellan (2-1), para medirse a la mexicana Souza, quien dej\u00f3 en el camino a Riccy Tallbot HON en su duelo anterior.<\/p>\n\n\n\n<figure class=\"wp-block-image size-full\"><img loading=\"lazy\" decoding=\"async\" width=\"612\" height=\"853\" src=\"https:\/\/www.patutkd.org\/wp-content\/uploads\/2023\/07\/WhatsApp-Image-2023-07-09-at-2.31.27-PM.jpeg\" alt=\"\" class=\"wp-image-10633\" srcset=\"https:\/\/www.patutkd.org\/wp-content\/uploads\/2023\/07\/WhatsApp-Image-2023-07-09-at-2.31.27-PM.jpeg 612w, https:\/\/www.patutkd.org\/wp-content\/uploads\/2023\/07\/WhatsApp-Image-2023-07-09-at-2.31.27-PM-215x300.jpeg 215w, https:\/\/www.patutkd.org\/wp-content\/uploads\/2023\/07\/WhatsApp-Image-2023-07-09-at-2.31.27-PM-9x12.jpeg 9w, https:\/\/www.patutkd.org\/wp-content\/uploads\/2023\/07\/WhatsApp-Image-2023-07-09-at-2.31.27-PM-340x474.jpeg 340w, https:\/\/www.patutkd.org\/wp-content\/uploads\/2023\/07\/WhatsApp-Image-2023-07-09-at-2.31.27-PM-600x836.jpeg 600w, https:\/\/www.patutkd.org\/wp-content\/uploads\/2023\/07\/WhatsApp-Image-2023-07-09-at-2.31.27-PM-542x755.jpeg 542w, https:\/\/www.patutkd.org\/wp-content\/uploads\/2023\/07\/WhatsApp-Image-2023-07-09-at-2.31.27-PM-373x520.jpeg 373w\" sizes=\"auto, (max-width: 612px) 100vw, 612px\" \/><\/figure>\n\n\n\n<p>En la disputa por el oro, con el marcador abajo 1-2 y a cinco segundo del final, Ram\u00edrez atac\u00f3 a Souza con un doble pateo y continu\u00f3 con un giro al rostro que impact\u00f3 a la mexicana en el \u00faltimo segundo, para darle la victoria y el oro que la acredita como bicampeona de estos Juegos luego de su triunfo en Barranquilla 2018.<\/p>\n\n\n\n<blockquote class=\"wp-block-quote is-layout-flow wp-block-quote-is-layout-flow\"><p><strong><em>\u201cMe llena de orgullo y felicidad este logro. Trabajo para esto, me alegra porque se dieron las cosas. Me dije: faltan cinco segundos, vamos con todo, no pens\u00e9 en m\u00e1s nada y solt\u00e9 las patadas. Ahora toca concentrarnos de nuevo en Sogamoso para prepararnos a los Juegos Panamericanos que son otro paso en el camino hacia el objetivo principal que es Par\u00eds 2024\u201d.<\/em><\/strong><\/p><\/blockquote>\n\n\n\n<p><strong>-49kg Female<\/strong><\/p>\n\n\n\n<p>1.- Andrea Ram\u00edrez COL<\/p>\n\n\n\n<p>2.- Daniela Souza MEX<\/p>\n\n\n\n<p>3.- Karoline Castillo PAN<\/p>\n\n\n\n<p>3.- Virginia Dellan VEN<\/p>\n\n\n\n<p><strong>La \u2018Gloria\u2019 colombiana<\/strong><\/p>\n\n\n\n<p>Gloria Mosquera (+67kg) patent\u00f3 su tercer triunfo consecutivo en eventos multideportes este ciclo ol\u00edmpico al dominar la competencia en San Salvador 2023, luego de haber sido campeona en los Boliviarianos Valledupar 2022 y en los Suramericanos Asunci\u00f3n 2023.<\/p>\n\n\n\n<p>La espigada atleta colombiana, ganadora del campeonato panamericano 2022 en Punta Cana, derrot\u00f3 en cuartos de final a la cubana Frislaydis Mart\u00ednez y en semifinal se impuso a Aliyah Shipman, representante de Hait\u00ed, En la lucha por el oro super\u00f3&nbsp; Crystal Weekes de Puerto Rico en dos rounds.<\/p>\n\n\n\n<figure class=\"wp-block-image size-large\"><img loading=\"lazy\" decoding=\"async\" width=\"1024\" height=\"683\" src=\"https:\/\/www.patutkd.org\/wp-content\/uploads\/2023\/07\/WhatsApp-Image-2023-07-09-at-2.32.12-PM-1024x683.jpeg\" alt=\"\" class=\"wp-image-10634\" srcset=\"https:\/\/www.patutkd.org\/wp-content\/uploads\/2023\/07\/WhatsApp-Image-2023-07-09-at-2.32.12-PM-1024x683.jpeg 1024w, https:\/\/www.patutkd.org\/wp-content\/uploads\/2023\/07\/WhatsApp-Image-2023-07-09-at-2.32.12-PM-300x200.jpeg 300w, https:\/\/www.patutkd.org\/wp-content\/uploads\/2023\/07\/WhatsApp-Image-2023-07-09-at-2.32.12-PM-768x512.jpeg 768w, https:\/\/www.patutkd.org\/wp-content\/uploads\/2023\/07\/WhatsApp-Image-2023-07-09-at-2.32.12-PM-18x12.jpeg 18w, https:\/\/www.patutkd.org\/wp-content\/uploads\/2023\/07\/WhatsApp-Image-2023-07-09-at-2.32.12-PM-340x227.jpeg 340w, https:\/\/www.patutkd.org\/wp-content\/uploads\/2023\/07\/WhatsApp-Image-2023-07-09-at-2.32.12-PM-600x400.jpeg 600w, https:\/\/www.patutkd.org\/wp-content\/uploads\/2023\/07\/WhatsApp-Image-2023-07-09-at-2.32.12-PM-755x504.jpeg 755w, https:\/\/www.patutkd.org\/wp-content\/uploads\/2023\/07\/WhatsApp-Image-2023-07-09-at-2.32.12-PM-585x390.jpeg 585w, https:\/\/www.patutkd.org\/wp-content\/uploads\/2023\/07\/WhatsApp-Image-2023-07-09-at-2.32.12-PM.jpeg 1280w\" sizes=\"auto, (max-width: 1024px) 100vw, 1024px\" \/><\/figure>\n\n\n\n<blockquote class=\"wp-block-quote is-layout-flow wp-block-quote-is-layout-flow\"><p><strong><em>\u201cEs un triunfo que me llena de alegr\u00eda, ya que en el ciclo pasado estuve en los Centroamericanos y del Caribe y logr\u00e9 bronce, as\u00ed que era una meta para m\u00ed ganar la medalla de oro ya que es un paso m\u00e1s hacia mi clasificaci\u00f3n ol\u00edmpica a Par\u00eds 2024\u201d.<\/em><\/strong><\/p><\/blockquote>\n\n\n\n<p><strong>+67kg Femenino<\/strong><\/p>\n\n\n\n<p>1.- Gloria Mosquera COL<\/p>\n\n\n\n<p>2.- Crystal Weekes PUR<\/p>\n\n\n\n<p>3.- Aliyah Shipman HAI<\/p>\n\n\n\n<p>3.- Katherine Rodr\u00edguez DOM<\/p>","protected":false},"excerpt":{"rendered":"<p>Santo Domingo, RD.- Las victorias de Brandon Plaza (-58kg), Rafael Alba (+80kg), Andrea Ram\u00edrez (-49kg) y Gloria Mosquera (+67kg) consagraron a M\u00e9xico, Cuba y Colombia en la cima de los Juegos Centroamericanos y del Caribe San Salvador 2023, en la jornada de este 5 de julio que dio inicio a las acciones de los combates en el Pabell\u00f3n de Voleibol del Centro Ol\u00edmpico \u201cJuan Pablo Duarte\u201d de Santo Domingo, Rep\u00fablica Dominicana. Plaza, bicampe\u00f3n Brandon Plaza, n\u00famero 8 del ranking mundial y n\u00famero 13 de la clasificaci\u00f3n ol\u00edmpica, logr\u00f3 el \u00fanico oro de M\u00e9xico en la jornada inicial del Kyorugui en San Salvador. El azteca revalid\u00f3 su t\u00edtulo de campe\u00f3n en esta cita regional obtenido hace cinco a\u00f1os en Barranquilla 2018, con victorias ante Camilo L\u00f3pez (ESA), David Fuentes (Centro Caribe Sports) y en la final venci\u00f3 ante el Jeferson Ochoa, en dos rounds. \u201cEstoy muy emocionado de darle esta medalla [&hellip;]<\/p>","protected":false},"author":3,"featured_media":10630,"comment_status":"closed","ping_status":"open","sticky":false,"template":"","format":"standard","meta":{"cybocfi_hide_featured_image":"","footnotes":""},"categories":[278],"tags":[291,289,290,293,303,294],"class_list":["post-10629","post","type-post","status-publish","format-standard","has-post-thumbnail","hentry","category-espanol","tag-fedotae","tag-panamerican-taekwondo-union","tag-patu","tag-republica-dominicana-patu-taekwondo","tag-san-salvador-2023","tag-world-taekwondo"],"yoast_head":"<!-- This site is optimized with the Yoast SEO plugin v26.7 - https:\/\/yoast.com\/wordpress\/plugins\/seo\/ -->\n<title>M\u00e9xico, Cuba y Colombia se consagran en el inicio del Kyorugui CAC - PATU | Pan American Taekwondo Union<\/title>\n<meta name=\"robots\" content=\"index, follow, max-snippet:-1, max-image-preview:large, max-video-preview:-1\" \/>\n<link rel=\"canonical\" href=\"https:\/\/www.patutkd.org\/en\/mexico-cuba-y-colombia-se-consagran-en-el-inicio-del-kyorugui-cac\/\" \/>\n<meta property=\"og:locale\" content=\"en_US\" \/>\n<meta property=\"og:type\" content=\"article\" \/>\n<meta property=\"og:title\" content=\"M\u00e9xico, Cuba y Colombia se consagran en el inicio del Kyorugui CAC - PATU | Pan American Taekwondo Union\" \/>\n<meta property=\"og:description\" content=\"Santo Domingo, RD.- Las victorias de Brandon Plaza (-58kg), Rafael Alba (+80kg), Andrea Ram\u00edrez (-49kg) y Gloria Mosquera (+67kg) consagraron a M\u00e9xico, Cuba y Colombia en la cima de los Juegos Centroamericanos y del Caribe San Salvador 2023, en la jornada de este 5 de julio que dio inicio a las acciones de los combates en el Pabell\u00f3n de Voleibol del Centro Ol\u00edmpico \u201cJuan Pablo Duarte\u201d de Santo Domingo, Rep\u00fablica Dominicana. Plaza, bicampe\u00f3n Brandon Plaza, n\u00famero 8 del ranking mundial y n\u00famero 13 de la clasificaci\u00f3n ol\u00edmpica, logr\u00f3 el \u00fanico oro de M\u00e9xico en la jornada inicial del Kyorugui en San Salvador. El azteca revalid\u00f3 su t\u00edtulo de campe\u00f3n en esta cita regional obtenido hace cinco a\u00f1os en Barranquilla 2018, con victorias ante Camilo L\u00f3pez (ESA), David Fuentes (Centro Caribe Sports) y en la final venci\u00f3 ante el Jeferson Ochoa, en dos rounds. \u201cEstoy muy emocionado de darle esta medalla [&hellip;]\" \/>\n<meta property=\"og:url\" content=\"https:\/\/www.patutkd.org\/en\/mexico-cuba-y-colombia-se-consagran-en-el-inicio-del-kyorugui-cac\/\" \/>\n<meta property=\"og:site_name\" content=\"PATU | Pan American Taekwondo Union\" \/>\n<meta property=\"article:published_time\" content=\"2023-07-05T18:25:00+00:00\" \/>\n<meta property=\"article:modified_time\" content=\"2025-08-29T18:35:21+00:00\" \/>\n<meta property=\"og:image\" content=\"https:\/\/www.patutkd.org\/wp-content\/uploads\/2023\/07\/WhatsApp-Image-2023-07-09-at-2.32.01-PM.jpeg\" \/>\n\t<meta property=\"og:image:width\" content=\"1013\" \/>\n\t<meta property=\"og:image:height\" content=\"643\" \/>\n\t<meta property=\"og:image:type\" content=\"image\/jpeg\" \/>\n<meta name=\"author\" content=\"administrador patutkd\" \/>\n<meta name=\"twitter:card\" content=\"summary_large_image\" \/>\n<meta name=\"twitter:label1\" content=\"Written by\" \/>\n\t<meta name=\"twitter:data1\" content=\"administrador patutkd\" \/>\n\t<meta name=\"twitter:label2\" content=\"Est. reading time\" \/>\n\t<meta name=\"twitter:data2\" content=\"5 minutes\" \/>\n<script type=\"application\/ld+json\" class=\"yoast-schema-graph\">{\"@context\":\"https:\/\/schema.org\",\"@graph\":[{\"@type\":\"Article\",\"@id\":\"https:\/\/www.patutkd.org\/mexico-cuba-y-colombia-se-consagran-en-el-inicio-del-kyorugui-cac\/#article\",\"isPartOf\":{\"@id\":\"https:\/\/www.patutkd.org\/mexico-cuba-y-colombia-se-consagran-en-el-inicio-del-kyorugui-cac\/\"},\"author\":{\"name\":\"administrador patutkd\",\"@id\":\"https:\/\/www.patutkd.org\/#\/schema\/person\/2dd5df8e67b5c8e99c15cc2a30e0944c\"},\"headline\":\"M\u00e9xico, Cuba y Colombia se consagran en el inicio del Kyorugui CAC\",\"datePublished\":\"2023-07-05T18:25:00+00:00\",\"dateModified\":\"2025-08-29T18:35:21+00:00\",\"mainEntityOfPage\":{\"@id\":\"https:\/\/www.patutkd.org\/mexico-cuba-y-colombia-se-consagran-en-el-inicio-del-kyorugui-cac\/\"},\"wordCount\":968,\"image\":{\"@id\":\"https:\/\/www.patutkd.org\/mexico-cuba-y-colombia-se-consagran-en-el-inicio-del-kyorugui-cac\/#primaryimage\"},\"thumbnailUrl\":\"https:\/\/www.patutkd.org\/wp-content\/uploads\/2023\/07\/WhatsApp-Image-2023-07-09-at-2.32.01-PM.jpeg\",\"keywords\":[\"FEDOTAE\",\"Panamerican Taekwondo Union\",\"PATU\",\"Rep\u00fablica Dominicana PATU TAEKWONDO\",\"San Salvador 2023\",\"World Taekwondo\"],\"articleSection\":[\"Espa\u00f1ol\"],\"inLanguage\":\"en-US\"},{\"@type\":\"WebPage\",\"@id\":\"https:\/\/www.patutkd.org\/mexico-cuba-y-colombia-se-consagran-en-el-inicio-del-kyorugui-cac\/\",\"url\":\"https:\/\/www.patutkd.org\/mexico-cuba-y-colombia-se-consagran-en-el-inicio-del-kyorugui-cac\/\",\"name\":\"M\u00e9xico, Cuba y Colombia se consagran en el inicio del Kyorugui CAC - PATU | Pan American Taekwondo Union\",\"isPartOf\":{\"@id\":\"https:\/\/www.patutkd.org\/#website\"},\"primaryImageOfPage\":{\"@id\":\"https:\/\/www.patutkd.org\/mexico-cuba-y-colombia-se-consagran-en-el-inicio-del-kyorugui-cac\/#primaryimage\"},\"image\":{\"@id\":\"https:\/\/www.patutkd.org\/mexico-cuba-y-colombia-se-consagran-en-el-inicio-del-kyorugui-cac\/#primaryimage\"},\"thumbnailUrl\":\"https:\/\/www.patutkd.org\/wp-content\/uploads\/2023\/07\/WhatsApp-Image-2023-07-09-at-2.32.01-PM.jpeg\",\"datePublished\":\"2023-07-05T18:25:00+00:00\",\"dateModified\":\"2025-08-29T18:35:21+00:00\",\"author\":{\"@id\":\"https:\/\/www.patutkd.org\/#\/schema\/person\/2dd5df8e67b5c8e99c15cc2a30e0944c\"},\"breadcrumb\":{\"@id\":\"https:\/\/www.patutkd.org\/mexico-cuba-y-colombia-se-consagran-en-el-inicio-del-kyorugui-cac\/#breadcrumb\"},\"inLanguage\":\"en-US\",\"potentialAction\":[{\"@type\":\"ReadAction\",\"target\":[\"https:\/\/www.patutkd.org\/mexico-cuba-y-colombia-se-consagran-en-el-inicio-del-kyorugui-cac\/\"]}]},{\"@type\":\"ImageObject\",\"inLanguage\":\"en-US\",\"@id\":\"https:\/\/www.patutkd.org\/mexico-cuba-y-colombia-se-consagran-en-el-inicio-del-kyorugui-cac\/#primaryimage\",\"url\":\"https:\/\/www.patutkd.org\/wp-content\/uploads\/2023\/07\/WhatsApp-Image-2023-07-09-at-2.32.01-PM.jpeg\",\"contentUrl\":\"https:\/\/www.patutkd.org\/wp-content\/uploads\/2023\/07\/WhatsApp-Image-2023-07-09-at-2.32.01-PM.jpeg\",\"width\":1013,\"height\":643},{\"@type\":\"BreadcrumbList\",\"@id\":\"https:\/\/www.patutkd.org\/mexico-cuba-y-colombia-se-consagran-en-el-inicio-del-kyorugui-cac\/#breadcrumb\",\"itemListElement\":[{\"@type\":\"ListItem\",\"position\":1,\"name\":\"Inicio\",\"item\":\"https:\/\/www.patutkd.org\/\"},{\"@type\":\"ListItem\",\"position\":2,\"name\":\"M\u00e9xico, Cuba y Colombia se consagran en el inicio del Kyorugui CAC\"}]},{\"@type\":\"WebSite\",\"@id\":\"https:\/\/www.patutkd.org\/#website\",\"url\":\"https:\/\/www.patutkd.org\/\",\"name\":\"PATU | Pan American Taekwondo Union\",\"description\":\"\",\"potentialAction\":[{\"@type\":\"SearchAction\",\"target\":{\"@type\":\"EntryPoint\",\"urlTemplate\":\"https:\/\/www.patutkd.org\/?s={search_term_string}\"},\"query-input\":{\"@type\":\"PropertyValueSpecification\",\"valueRequired\":true,\"valueName\":\"search_term_string\"}}],\"inLanguage\":\"en-US\"},{\"@type\":\"Person\",\"@id\":\"https:\/\/www.patutkd.org\/#\/schema\/person\/2dd5df8e67b5c8e99c15cc2a30e0944c\",\"name\":\"administrador patutkd\",\"image\":{\"@type\":\"ImageObject\",\"inLanguage\":\"en-US\",\"@id\":\"https:\/\/www.patutkd.org\/#\/schema\/person\/image\/\",\"url\":\"https:\/\/secure.gravatar.com\/avatar\/e804420b29e5d0e18047e92c6d70c99f49295340ec61fde9685872e38df0a3ba?s=96&d=mm&r=g\",\"contentUrl\":\"https:\/\/secure.gravatar.com\/avatar\/e804420b29e5d0e18047e92c6d70c99f49295340ec61fde9685872e38df0a3ba?s=96&d=mm&r=g\",\"caption\":\"administrador patutkd\"},\"url\":\"https:\/\/www.patutkd.org\/en\/author\/patutkd\/\"}]}<\/script>\n<!-- \/ Yoast SEO plugin. -->","yoast_head_json":{"title":"M\u00e9xico, Cuba y Colombia se consagran en el inicio del Kyorugui CAC - PATU | Pan American Taekwondo Union","robots":{"index":"index","follow":"follow","max-snippet":"max-snippet:-1","max-image-preview":"max-image-preview:large","max-video-preview":"max-video-preview:-1"},"canonical":"https:\/\/www.patutkd.org\/en\/mexico-cuba-y-colombia-se-consagran-en-el-inicio-del-kyorugui-cac\/","og_locale":"en_US","og_type":"article","og_title":"M\u00e9xico, Cuba y Colombia se consagran en el inicio del Kyorugui CAC - PATU | Pan American Taekwondo Union","og_description":"Santo Domingo, RD.- Las victorias de Brandon Plaza (-58kg), Rafael Alba (+80kg), Andrea Ram\u00edrez (-49kg) y Gloria Mosquera (+67kg) consagraron a M\u00e9xico, Cuba y Colombia en la cima de los Juegos Centroamericanos y del Caribe San Salvador 2023, en la jornada de este 5 de julio que dio inicio a las acciones de los combates en el Pabell\u00f3n de Voleibol del Centro Ol\u00edmpico \u201cJuan Pablo Duarte\u201d de Santo Domingo, Rep\u00fablica Dominicana. Plaza, bicampe\u00f3n Brandon Plaza, n\u00famero 8 del ranking mundial y n\u00famero 13 de la clasificaci\u00f3n ol\u00edmpica, logr\u00f3 el \u00fanico oro de M\u00e9xico en la jornada inicial del Kyorugui en San Salvador. El azteca revalid\u00f3 su t\u00edtulo de campe\u00f3n en esta cita regional obtenido hace cinco a\u00f1os en Barranquilla 2018, con victorias ante Camilo L\u00f3pez (ESA), David Fuentes (Centro Caribe Sports) y en la final venci\u00f3 ante el Jeferson Ochoa, en dos rounds. \u201cEstoy muy emocionado de darle esta medalla [&hellip;]","og_url":"https:\/\/www.patutkd.org\/en\/mexico-cuba-y-colombia-se-consagran-en-el-inicio-del-kyorugui-cac\/","og_site_name":"PATU | Pan American Taekwondo Union","article_published_time":"2023-07-05T18:25:00+00:00","article_modified_time":"2025-08-29T18:35:21+00:00","og_image":[{"width":1013,"height":643,"url":"https:\/\/www.patutkd.org\/wp-content\/uploads\/2023\/07\/WhatsApp-Image-2023-07-09-at-2.32.01-PM.jpeg","type":"image\/jpeg"}],"author":"administrador patutkd","twitter_card":"summary_large_image","twitter_misc":{"Written by":"administrador patutkd","Est. reading time":"5 minutes"},"schema":{"@context":"https:\/\/schema.org","@graph":[{"@type":"Article","@id":"https:\/\/www.patutkd.org\/mexico-cuba-y-colombia-se-consagran-en-el-inicio-del-kyorugui-cac\/#article","isPartOf":{"@id":"https:\/\/www.patutkd.org\/mexico-cuba-y-colombia-se-consagran-en-el-inicio-del-kyorugui-cac\/"},"author":{"name":"administrador patutkd","@id":"https:\/\/www.patutkd.org\/#\/schema\/person\/2dd5df8e67b5c8e99c15cc2a30e0944c"},"headline":"M\u00e9xico, Cuba y Colombia se consagran en el inicio del Kyorugui CAC","datePublished":"2023-07-05T18:25:00+00:00","dateModified":"2025-08-29T18:35:21+00:00","mainEntityOfPage":{"@id":"https:\/\/www.patutkd.org\/mexico-cuba-y-colombia-se-consagran-en-el-inicio-del-kyorugui-cac\/"},"wordCount":968,"image":{"@id":"https:\/\/www.patutkd.org\/mexico-cuba-y-colombia-se-consagran-en-el-inicio-del-kyorugui-cac\/#primaryimage"},"thumbnailUrl":"https:\/\/www.patutkd.org\/wp-content\/uploads\/2023\/07\/WhatsApp-Image-2023-07-09-at-2.32.01-PM.jpeg","keywords":["FEDOTAE","Panamerican Taekwondo Union","PATU","Rep\u00fablica Dominicana PATU TAEKWONDO","San Salvador 2023","World Taekwondo"],"articleSection":["Espa\u00f1ol"],"inLanguage":"en-US"},{"@type":"WebPage","@id":"https:\/\/www.patutkd.org\/mexico-cuba-y-colombia-se-consagran-en-el-inicio-del-kyorugui-cac\/","url":"https:\/\/www.patutkd.org\/mexico-cuba-y-colombia-se-consagran-en-el-inicio-del-kyorugui-cac\/","name":"M\u00e9xico, Cuba y Colombia se consagran en el inicio del Kyorugui CAC - PATU | Pan American Taekwondo Union","isPartOf":{"@id":"https:\/\/www.patutkd.org\/#website"},"primaryImageOfPage":{"@id":"https:\/\/www.patutkd.org\/mexico-cuba-y-colombia-se-consagran-en-el-inicio-del-kyorugui-cac\/#primaryimage"},"image":{"@id":"https:\/\/www.patutkd.org\/mexico-cuba-y-colombia-se-consagran-en-el-inicio-del-kyorugui-cac\/#primaryimage"},"thumbnailUrl":"https:\/\/www.patutkd.org\/wp-content\/uploads\/2023\/07\/WhatsApp-Image-2023-07-09-at-2.32.01-PM.jpeg","datePublished":"2023-07-05T18:25:00+00:00","dateModified":"2025-08-29T18:35:21+00:00","author":{"@id":"https:\/\/www.patutkd.org\/#\/schema\/person\/2dd5df8e67b5c8e99c15cc2a30e0944c"},"breadcrumb":{"@id":"https:\/\/www.patutkd.org\/mexico-cuba-y-colombia-se-consagran-en-el-inicio-del-kyorugui-cac\/#breadcrumb"},"inLanguage":"en-US","potentialAction":[{"@type":"ReadAction","target":["https:\/\/www.patutkd.org\/mexico-cuba-y-colombia-se-consagran-en-el-inicio-del-kyorugui-cac\/"]}]},{"@type":"ImageObject","inLanguage":"en-US","@id":"https:\/\/www.patutkd.org\/mexico-cuba-y-colombia-se-consagran-en-el-inicio-del-kyorugui-cac\/#primaryimage","url":"https:\/\/www.patutkd.org\/wp-content\/uploads\/2023\/07\/WhatsApp-Image-2023-07-09-at-2.32.01-PM.jpeg","contentUrl":"https:\/\/www.patutkd.org\/wp-content\/uploads\/2023\/07\/WhatsApp-Image-2023-07-09-at-2.32.01-PM.jpeg","width":1013,"height":643},{"@type":"BreadcrumbList","@id":"https:\/\/www.patutkd.org\/mexico-cuba-y-colombia-se-consagran-en-el-inicio-del-kyorugui-cac\/#breadcrumb","itemListElement":[{"@type":"ListItem","position":1,"name":"Inicio","item":"https:\/\/www.patutkd.org\/"},{"@type":"ListItem","position":2,"name":"M\u00e9xico, Cuba y Colombia se consagran en el inicio del Kyorugui CAC"}]},{"@type":"WebSite","@id":"https:\/\/www.patutkd.org\/#website","url":"https:\/\/www.patutkd.org\/","name":"PATU | Pan American Taekwondo Union","description":"","potentialAction":[{"@type":"SearchAction","target":{"@type":"EntryPoint","urlTemplate":"https:\/\/www.patutkd.org\/?s={search_term_string}"},"query-input":{"@type":"PropertyValueSpecification","valueRequired":true,"valueName":"search_term_string"}}],"inLanguage":"en-US"},{"@type":"Person","@id":"https:\/\/www.patutkd.org\/#\/schema\/person\/2dd5df8e67b5c8e99c15cc2a30e0944c","name":"administrador patutkd","image":{"@type":"ImageObject","inLanguage":"en-US","@id":"https:\/\/www.patutkd.org\/#\/schema\/person\/image\/","url":"https:\/\/secure.gravatar.com\/avatar\/e804420b29e5d0e18047e92c6d70c99f49295340ec61fde9685872e38df0a3ba?s=96&d=mm&r=g","contentUrl":"https:\/\/secure.gravatar.com\/avatar\/e804420b29e5d0e18047e92c6d70c99f49295340ec61fde9685872e38df0a3ba?s=96&d=mm&r=g","caption":"administrador patutkd"},"url":"https:\/\/www.patutkd.org\/en\/author\/patutkd\/"}]}},"_links":{"self":[{"href":"https:\/\/www.patutkd.org\/en\/wp-json\/wp\/v2\/posts\/10629","targetHints":{"allow":["GET"]}}],"collection":[{"href":"https:\/\/www.patutkd.org\/en\/wp-json\/wp\/v2\/posts"}],"about":[{"href":"https:\/\/www.patutkd.org\/en\/wp-json\/wp\/v2\/types\/post"}],"author":[{"embeddable":true,"href":"https:\/\/www.patutkd.org\/en\/wp-json\/wp\/v2\/users\/3"}],"replies":[{"embeddable":true,"href":"https:\/\/www.patutkd.org\/en\/wp-json\/wp\/v2\/comments?post=10629"}],"version-history":[{"count":1,"href":"https:\/\/www.patutkd.org\/en\/wp-json\/wp\/v2\/posts\/10629\/revisions"}],"predecessor-version":[{"id":10635,"href":"https:\/\/www.patutkd.org\/en\/wp-json\/wp\/v2\/posts\/10629\/revisions\/10635"}],"wp:featuredmedia":[{"embeddable":true,"href":"https:\/\/www.patutkd.org\/en\/wp-json\/wp\/v2\/media\/10630"}],"wp:attachment":[{"href":"https:\/\/www.patutkd.org\/en\/wp-json\/wp\/v2\/media?parent=10629"}],"wp:term":[{"taxonomy":"category","embeddable":true,"href":"https:\/\/www.patutkd.org\/en\/wp-json\/wp\/v2\/categories?post=10629"},{"taxonomy":"post_tag","embeddable":true,"href":"https:\/\/www.patutkd.org\/en\/wp-json\/wp\/v2\/tags?post=10629"}],"curies":[{"name":"wp","href":"https:\/\/api.w.org\/{rel}","templated":true}]}}