{"id":10324,"date":"2023-06-13T13:11:43","date_gmt":"2023-06-13T13:11:43","guid":{"rendered":"https:\/\/www.patutkd.org\/?p=10324"},"modified":"2025-08-29T18:35:25","modified_gmt":"2025-08-29T18:35:25","slug":"open-de-costa-rica-cumple-15-anos-promoviendo-el-desarrollo-del-taekwondo-panamericano","status":"publish","type":"post","link":"https:\/\/www.patutkd.org\/en\/open-de-costa-rica-cumple-15-anos-promoviendo-el-desarrollo-del-taekwondo-panamericano\/","title":{"rendered":"Open de Costa Rica cumple 15 a\u00f1os promoviendo el desarrollo del taekwondo panamericano"},"content":{"rendered":"<p><strong>Heredia, CRC, 12 de junio 2023.-<\/strong> El Costa Rica Open arriba a 15 a\u00f1os de convertirse en uno de los eventos referentes en la promoci\u00f3n y desarrollo del taekwondo en el continente americano, y en esta oportunidad, es el \u00faltimo torneo preparatorio antes de los XXIV Juegos Deportivos Centroamericanos y del Caribe San Salvador 2023.<\/p>\n\n\n\n<p>El Costa Rica Open G-2 ser\u00e1 este a\u00f1o del 14 al 17 de junio en el Palacio de Los Deportes de Heredia, por ello, Wilmar Alvarado, vicepresidente de PATU y presidente de la Federaci\u00f3n Costarricense de Taekwondo, reitera la gran importancia que ha tenido la constancia durante m\u00e1s de una d\u00e9cada de este evento en pro del crecimiento del taekwondo en la regi\u00f3n panamericana y de su pa\u00eds.<\/p>\n\n\n\n<blockquote class=\"wp-block-quote is-layout-flow wp-block-quote-is-layout-flow\"><p><strong><em>\u201cNos satisface mucho que PATU nos escoja siempre para hacer grandes eventos en Costa Rica, y creo que bajo esa t\u00f3nica tenemos que estar trabajando siempre para que todo salga de lo mejor en lo organizativo, que los atletas salgan satisfechos al igual que los entrenadores. Ese es nuestro ideal para este Costa Rica Open\u201d, recalca.<\/em><\/strong><\/p><\/blockquote>\n\n\n\n<p>En el primer tramo de la nueva administraci\u00f3n de PATU, Costa Rica alberg\u00f3 los Campeonatos Panamericanos Cadete y Junior 2022, adem\u00e1s, ha sido sede de paradas del nuevo circuito de los Pan-Am Series, as\u00ed como del reci\u00e9n finalizado Torneo Clasificatorio a los Juegos Centroamericanos y del Caribe San Salvador 2023.<\/p>\n\n\n\n<blockquote class=\"wp-block-quote is-layout-flow wp-block-quote-is-layout-flow\"><p><strong><em>\u201cEs un honor que seamos un pa\u00eds escogido por PATU para transmitir todo lo bueno que se est\u00e1 haciendo en el taekwondo panamericano. Somos un pa\u00eds equidistante a todas las Am\u00e9ricas, por ello es un evento que nos ayuda al crecimiento de todos en el \u00e1rea panamericana\u201d.<\/em><\/strong><\/p><\/blockquote>\n\n\n\n<p>Para la edici\u00f3n del 2023, el Costa Rica Open arriba a 15 a\u00f1os y esta vez lo celebrar\u00e1 con la asistencia de atletas de cuatro continentes: Am\u00e9rica, \u00c1frica, Asia y Europa. Unos 600 competidores de 25 diferentes naciones competir\u00e1n en Kyorugui y Poomsae en las categor\u00edas infantil, cadete, junior, s\u00e9nior y Parataekwondo, entre las que destacan: &nbsp;Canad\u00e1, Estados Unidos, M\u00e9xico, Guatemala, El Salvador, Honduras, Nicaragua, Panam\u00e1, Colombia, Brasil, Per\u00fa, Chile, Puerto Rico, Aruba, Hait\u00ed, Rep\u00fablica Dominicana, Trinidad y Tobago, Francia, Gran Breta\u00f1a, Ghana, Gambia, Islandia, Nueva Guinea, Malasia y Costa Rica.<\/p>\n\n\n\n<blockquote class=\"wp-block-quote is-layout-flow wp-block-quote-is-layout-flow\"><p><strong><em>\u201cSer\u00e1 una gran fiesta deportiva, por ser un torneo G-2, se ver\u00e1n buenos combates en busca de los puntos para la clasificaci\u00f3n a los Juegos Ol\u00edmpicos Par\u00eds 2024\u201d, enfatiz\u00f3 Alvarado.<\/em><\/strong><\/p><\/blockquote>\n\n\n\n<figure class=\"wp-block-image size-large\"><img loading=\"lazy\" decoding=\"async\" width=\"1024\" height=\"768\" src=\"https:\/\/www.patutkd.org\/wp-content\/uploads\/2023\/06\/IMG-20230223-WA0058-1024x768.jpg\" alt=\"\" class=\"wp-image-10326\" srcset=\"https:\/\/www.patutkd.org\/wp-content\/uploads\/2023\/06\/IMG-20230223-WA0058-1024x768.jpg 1024w, https:\/\/www.patutkd.org\/wp-content\/uploads\/2023\/06\/IMG-20230223-WA0058-300x225.jpg 300w, https:\/\/www.patutkd.org\/wp-content\/uploads\/2023\/06\/IMG-20230223-WA0058-768x576.jpg 768w, https:\/\/www.patutkd.org\/wp-content\/uploads\/2023\/06\/IMG-20230223-WA0058-16x12.jpg 16w, https:\/\/www.patutkd.org\/wp-content\/uploads\/2023\/06\/IMG-20230223-WA0058-340x255.jpg 340w, https:\/\/www.patutkd.org\/wp-content\/uploads\/2023\/06\/IMG-20230223-WA0058-600x450.jpg 600w, https:\/\/www.patutkd.org\/wp-content\/uploads\/2023\/06\/IMG-20230223-WA0058-755x566.jpg 755w, https:\/\/www.patutkd.org\/wp-content\/uploads\/2023\/06\/IMG-20230223-WA0058-585x439.jpg 585w, https:\/\/www.patutkd.org\/wp-content\/uploads\/2023\/06\/IMG-20230223-WA0058.jpg 1047w\" sizes=\"auto, (max-width: 1024px) 100vw, 1024px\" \/><\/figure>\n\n\n\n<blockquote class=\"wp-block-quote is-layout-flow wp-block-quote-is-layout-flow\"><p><strong><em>\u201cCon el desarrollo de estos eventos, el practicante de Costa Rica ha abiertos los ojos en cuanto al nivel del taekwondo mundial. Es muy importante que los pa\u00edses puedan organizar estos torneos para que sus atletas vean el nivel que hay hoy d\u00eda en todo el planeta\u201d, apunta.<\/em><\/strong><\/p><\/blockquote>\n\n\n\n<p>Seg\u00fan la Federaci\u00f3n Costarricense de Taekwondo, el pa\u00eds sede tendr\u00e1 un total de 150 atletas en todas sus categor\u00edas, entre ellos los seleccionados nacionales que competir\u00e1n en los pr\u00f3ximos Juegos Centroamericanos y del Caribe San Salvador 2023, donde el taekwondo tendr\u00e1 su sede en Rep\u00fablica Dominicana.<\/p>\n\n\n\n<p><strong>Con informaci\u00f3n de la FCT<\/strong><\/p>","protected":false},"excerpt":{"rendered":"<p>Heredia, CRC, 12 de junio 2023.- El Costa Rica Open arriba a 15 a\u00f1os de convertirse en uno de los eventos referentes en la promoci\u00f3n y desarrollo del taekwondo en el continente americano, y en esta oportunidad, es el \u00faltimo torneo preparatorio antes de los XXIV Juegos Deportivos Centroamericanos y del Caribe San Salvador 2023. El Costa Rica Open G-2 ser\u00e1 este a\u00f1o del 14 al 17 de junio en el Palacio de Los Deportes de Heredia, por ello, Wilmar Alvarado, vicepresidente de PATU y presidente de la Federaci\u00f3n Costarricense de Taekwondo, reitera la gran importancia que ha tenido la constancia durante m\u00e1s de una d\u00e9cada de este evento en pro del crecimiento del taekwondo en la regi\u00f3n panamericana y de su pa\u00eds. \u201cNos satisface mucho que PATU nos escoja siempre para hacer grandes eventos en Costa Rica, y creo que bajo esa t\u00f3nica tenemos que estar trabajando siempre para [&hellip;]<\/p>","protected":false},"author":3,"featured_media":10325,"comment_status":"closed","ping_status":"open","sticky":false,"template":"","format":"standard","meta":{"cybocfi_hide_featured_image":"","footnotes":""},"categories":[278],"tags":[302,299,301,290,303,300],"class_list":["post-10324","post","type-post","status-publish","format-standard","has-post-thumbnail","hentry","category-espanol","tag-costa-rica-open-tkd","tag-costa-rica-tkd","tag-pan-am-series-tkd","tag-patu","tag-san-salvador-2023","tag-wilmar-alvarado"],"yoast_head":"<!-- This site is optimized with the Yoast SEO plugin v26.7 - https:\/\/yoast.com\/wordpress\/plugins\/seo\/ -->\n<title>Open de Costa Rica cumple 15 a\u00f1os promoviendo el desarrollo del taekwondo panamericano - PATU | Pan American Taekwondo Union<\/title>\n<meta name=\"robots\" content=\"index, follow, max-snippet:-1, max-image-preview:large, max-video-preview:-1\" \/>\n<link rel=\"canonical\" href=\"https:\/\/www.patutkd.org\/en\/open-de-costa-rica-cumple-15-anos-promoviendo-el-desarrollo-del-taekwondo-panamericano\/\" \/>\n<meta property=\"og:locale\" content=\"en_US\" \/>\n<meta property=\"og:type\" content=\"article\" \/>\n<meta property=\"og:title\" content=\"Open de Costa Rica cumple 15 a\u00f1os promoviendo el desarrollo del taekwondo panamericano - PATU | Pan American Taekwondo Union\" \/>\n<meta property=\"og:description\" content=\"Heredia, CRC, 12 de junio 2023.- El Costa Rica Open arriba a 15 a\u00f1os de convertirse en uno de los eventos referentes en la promoci\u00f3n y desarrollo del taekwondo en el continente americano, y en esta oportunidad, es el \u00faltimo torneo preparatorio antes de los XXIV Juegos Deportivos Centroamericanos y del Caribe San Salvador 2023. El Costa Rica Open G-2 ser\u00e1 este a\u00f1o del 14 al 17 de junio en el Palacio de Los Deportes de Heredia, por ello, Wilmar Alvarado, vicepresidente de PATU y presidente de la Federaci\u00f3n Costarricense de Taekwondo, reitera la gran importancia que ha tenido la constancia durante m\u00e1s de una d\u00e9cada de este evento en pro del crecimiento del taekwondo en la regi\u00f3n panamericana y de su pa\u00eds. \u201cNos satisface mucho que PATU nos escoja siempre para hacer grandes eventos en Costa Rica, y creo que bajo esa t\u00f3nica tenemos que estar trabajando siempre para [&hellip;]\" \/>\n<meta property=\"og:url\" content=\"https:\/\/www.patutkd.org\/en\/open-de-costa-rica-cumple-15-anos-promoviendo-el-desarrollo-del-taekwondo-panamericano\/\" \/>\n<meta property=\"og:site_name\" content=\"PATU | Pan American Taekwondo Union\" \/>\n<meta property=\"article:published_time\" content=\"2023-06-13T13:11:43+00:00\" \/>\n<meta property=\"article:modified_time\" content=\"2025-08-29T18:35:25+00:00\" \/>\n<meta property=\"og:image\" content=\"https:\/\/www.patutkd.org\/wp-content\/uploads\/2023\/06\/332673613_1254058392156875_6313749863766418401_n.webp.jpg\" \/>\n\t<meta property=\"og:image:width\" content=\"1080\" \/>\n\t<meta property=\"og:image:height\" content=\"720\" \/>\n\t<meta property=\"og:image:type\" content=\"image\/jpeg\" \/>\n<meta name=\"author\" content=\"administrador patutkd\" \/>\n<meta name=\"twitter:card\" content=\"summary_large_image\" \/>\n<meta name=\"twitter:label1\" content=\"Written by\" \/>\n\t<meta name=\"twitter:data1\" content=\"administrador patutkd\" \/>\n\t<meta name=\"twitter:label2\" content=\"Est. reading time\" \/>\n\t<meta name=\"twitter:data2\" content=\"3 minutes\" \/>\n<script type=\"application\/ld+json\" class=\"yoast-schema-graph\">{\"@context\":\"https:\/\/schema.org\",\"@graph\":[{\"@type\":\"Article\",\"@id\":\"https:\/\/www.patutkd.org\/en\/open-de-costa-rica-cumple-15-anos-promoviendo-el-desarrollo-del-taekwondo-panamericano\/#article\",\"isPartOf\":{\"@id\":\"https:\/\/www.patutkd.org\/en\/open-de-costa-rica-cumple-15-anos-promoviendo-el-desarrollo-del-taekwondo-panamericano\/\"},\"author\":{\"name\":\"administrador patutkd\",\"@id\":\"https:\/\/www.patutkd.org\/#\/schema\/person\/2dd5df8e67b5c8e99c15cc2a30e0944c\"},\"headline\":\"Open de Costa Rica cumple 15 a\u00f1os promoviendo el desarrollo del taekwondo panamericano\",\"datePublished\":\"2023-06-13T13:11:43+00:00\",\"dateModified\":\"2025-08-29T18:35:25+00:00\",\"mainEntityOfPage\":{\"@id\":\"https:\/\/www.patutkd.org\/en\/open-de-costa-rica-cumple-15-anos-promoviendo-el-desarrollo-del-taekwondo-panamericano\/\"},\"wordCount\":534,\"image\":{\"@id\":\"https:\/\/www.patutkd.org\/en\/open-de-costa-rica-cumple-15-anos-promoviendo-el-desarrollo-del-taekwondo-panamericano\/#primaryimage\"},\"thumbnailUrl\":\"https:\/\/www.patutkd.org\/wp-content\/uploads\/2023\/06\/332673613_1254058392156875_6313749863766418401_n.webp.jpg\",\"keywords\":[\"Costa Rica Open TKD\",\"Costa Rica TKD\",\"Pan-Am Series TKD\",\"PATU\",\"San Salvador 2023\",\"Wilmar Alvarado\"],\"articleSection\":[\"Espa\u00f1ol\"],\"inLanguage\":\"en-US\"},{\"@type\":\"WebPage\",\"@id\":\"https:\/\/www.patutkd.org\/en\/open-de-costa-rica-cumple-15-anos-promoviendo-el-desarrollo-del-taekwondo-panamericano\/\",\"url\":\"https:\/\/www.patutkd.org\/en\/open-de-costa-rica-cumple-15-anos-promoviendo-el-desarrollo-del-taekwondo-panamericano\/\",\"name\":\"Open de Costa Rica cumple 15 a\u00f1os promoviendo el desarrollo del taekwondo panamericano - PATU | Pan American Taekwondo Union\",\"isPartOf\":{\"@id\":\"https:\/\/www.patutkd.org\/#website\"},\"primaryImageOfPage\":{\"@id\":\"https:\/\/www.patutkd.org\/en\/open-de-costa-rica-cumple-15-anos-promoviendo-el-desarrollo-del-taekwondo-panamericano\/#primaryimage\"},\"image\":{\"@id\":\"https:\/\/www.patutkd.org\/en\/open-de-costa-rica-cumple-15-anos-promoviendo-el-desarrollo-del-taekwondo-panamericano\/#primaryimage\"},\"thumbnailUrl\":\"https:\/\/www.patutkd.org\/wp-content\/uploads\/2023\/06\/332673613_1254058392156875_6313749863766418401_n.webp.jpg\",\"datePublished\":\"2023-06-13T13:11:43+00:00\",\"dateModified\":\"2025-08-29T18:35:25+00:00\",\"author\":{\"@id\":\"https:\/\/www.patutkd.org\/#\/schema\/person\/2dd5df8e67b5c8e99c15cc2a30e0944c\"},\"breadcrumb\":{\"@id\":\"https:\/\/www.patutkd.org\/en\/open-de-costa-rica-cumple-15-anos-promoviendo-el-desarrollo-del-taekwondo-panamericano\/#breadcrumb\"},\"inLanguage\":\"en-US\",\"potentialAction\":[{\"@type\":\"ReadAction\",\"target\":[\"https:\/\/www.patutkd.org\/en\/open-de-costa-rica-cumple-15-anos-promoviendo-el-desarrollo-del-taekwondo-panamericano\/\"]}]},{\"@type\":\"ImageObject\",\"inLanguage\":\"en-US\",\"@id\":\"https:\/\/www.patutkd.org\/en\/open-de-costa-rica-cumple-15-anos-promoviendo-el-desarrollo-del-taekwondo-panamericano\/#primaryimage\",\"url\":\"https:\/\/www.patutkd.org\/wp-content\/uploads\/2023\/06\/332673613_1254058392156875_6313749863766418401_n.webp.jpg\",\"contentUrl\":\"https:\/\/www.patutkd.org\/wp-content\/uploads\/2023\/06\/332673613_1254058392156875_6313749863766418401_n.webp.jpg\",\"width\":1080,\"height\":720},{\"@type\":\"BreadcrumbList\",\"@id\":\"https:\/\/www.patutkd.org\/en\/open-de-costa-rica-cumple-15-anos-promoviendo-el-desarrollo-del-taekwondo-panamericano\/#breadcrumb\",\"itemListElement\":[{\"@type\":\"ListItem\",\"position\":1,\"name\":\"Inicio\",\"item\":\"https:\/\/www.patutkd.org\/\"},{\"@type\":\"ListItem\",\"position\":2,\"name\":\"Open de Costa Rica cumple 15 a\u00f1os promoviendo el desarrollo del taekwondo panamericano\"}]},{\"@type\":\"WebSite\",\"@id\":\"https:\/\/www.patutkd.org\/#website\",\"url\":\"https:\/\/www.patutkd.org\/\",\"name\":\"PATU | Pan American Taekwondo Union\",\"description\":\"\",\"potentialAction\":[{\"@type\":\"SearchAction\",\"target\":{\"@type\":\"EntryPoint\",\"urlTemplate\":\"https:\/\/www.patutkd.org\/?s={search_term_string}\"},\"query-input\":{\"@type\":\"PropertyValueSpecification\",\"valueRequired\":true,\"valueName\":\"search_term_string\"}}],\"inLanguage\":\"en-US\"},{\"@type\":\"Person\",\"@id\":\"https:\/\/www.patutkd.org\/#\/schema\/person\/2dd5df8e67b5c8e99c15cc2a30e0944c\",\"name\":\"administrador patutkd\",\"image\":{\"@type\":\"ImageObject\",\"inLanguage\":\"en-US\",\"@id\":\"https:\/\/www.patutkd.org\/#\/schema\/person\/image\/\",\"url\":\"https:\/\/secure.gravatar.com\/avatar\/e804420b29e5d0e18047e92c6d70c99f49295340ec61fde9685872e38df0a3ba?s=96&d=mm&r=g\",\"contentUrl\":\"https:\/\/secure.gravatar.com\/avatar\/e804420b29e5d0e18047e92c6d70c99f49295340ec61fde9685872e38df0a3ba?s=96&d=mm&r=g\",\"caption\":\"administrador patutkd\"},\"url\":\"https:\/\/www.patutkd.org\/en\/author\/patutkd\/\"}]}<\/script>\n<!-- \/ Yoast SEO plugin. -->","yoast_head_json":{"title":"Open de Costa Rica cumple 15 a\u00f1os promoviendo el desarrollo del taekwondo panamericano - PATU | Pan American Taekwondo Union","robots":{"index":"index","follow":"follow","max-snippet":"max-snippet:-1","max-image-preview":"max-image-preview:large","max-video-preview":"max-video-preview:-1"},"canonical":"https:\/\/www.patutkd.org\/en\/open-de-costa-rica-cumple-15-anos-promoviendo-el-desarrollo-del-taekwondo-panamericano\/","og_locale":"en_US","og_type":"article","og_title":"Open de Costa Rica cumple 15 a\u00f1os promoviendo el desarrollo del taekwondo panamericano - PATU | Pan American Taekwondo Union","og_description":"Heredia, CRC, 12 de junio 2023.- El Costa Rica Open arriba a 15 a\u00f1os de convertirse en uno de los eventos referentes en la promoci\u00f3n y desarrollo del taekwondo en el continente americano, y en esta oportunidad, es el \u00faltimo torneo preparatorio antes de los XXIV Juegos Deportivos Centroamericanos y del Caribe San Salvador 2023. El Costa Rica Open G-2 ser\u00e1 este a\u00f1o del 14 al 17 de junio en el Palacio de Los Deportes de Heredia, por ello, Wilmar Alvarado, vicepresidente de PATU y presidente de la Federaci\u00f3n Costarricense de Taekwondo, reitera la gran importancia que ha tenido la constancia durante m\u00e1s de una d\u00e9cada de este evento en pro del crecimiento del taekwondo en la regi\u00f3n panamericana y de su pa\u00eds. \u201cNos satisface mucho que PATU nos escoja siempre para hacer grandes eventos en Costa Rica, y creo que bajo esa t\u00f3nica tenemos que estar trabajando siempre para [&hellip;]","og_url":"https:\/\/www.patutkd.org\/en\/open-de-costa-rica-cumple-15-anos-promoviendo-el-desarrollo-del-taekwondo-panamericano\/","og_site_name":"PATU | Pan American Taekwondo Union","article_published_time":"2023-06-13T13:11:43+00:00","article_modified_time":"2025-08-29T18:35:25+00:00","og_image":[{"width":1080,"height":720,"url":"https:\/\/www.patutkd.org\/wp-content\/uploads\/2023\/06\/332673613_1254058392156875_6313749863766418401_n.webp.jpg","type":"image\/jpeg"}],"author":"administrador patutkd","twitter_card":"summary_large_image","twitter_misc":{"Written by":"administrador patutkd","Est. reading time":"3 minutes"},"schema":{"@context":"https:\/\/schema.org","@graph":[{"@type":"Article","@id":"https:\/\/www.patutkd.org\/en\/open-de-costa-rica-cumple-15-anos-promoviendo-el-desarrollo-del-taekwondo-panamericano\/#article","isPartOf":{"@id":"https:\/\/www.patutkd.org\/en\/open-de-costa-rica-cumple-15-anos-promoviendo-el-desarrollo-del-taekwondo-panamericano\/"},"author":{"name":"administrador patutkd","@id":"https:\/\/www.patutkd.org\/#\/schema\/person\/2dd5df8e67b5c8e99c15cc2a30e0944c"},"headline":"Open de Costa Rica cumple 15 a\u00f1os promoviendo el desarrollo del taekwondo panamericano","datePublished":"2023-06-13T13:11:43+00:00","dateModified":"2025-08-29T18:35:25+00:00","mainEntityOfPage":{"@id":"https:\/\/www.patutkd.org\/en\/open-de-costa-rica-cumple-15-anos-promoviendo-el-desarrollo-del-taekwondo-panamericano\/"},"wordCount":534,"image":{"@id":"https:\/\/www.patutkd.org\/en\/open-de-costa-rica-cumple-15-anos-promoviendo-el-desarrollo-del-taekwondo-panamericano\/#primaryimage"},"thumbnailUrl":"https:\/\/www.patutkd.org\/wp-content\/uploads\/2023\/06\/332673613_1254058392156875_6313749863766418401_n.webp.jpg","keywords":["Costa Rica Open TKD","Costa Rica TKD","Pan-Am Series TKD","PATU","San Salvador 2023","Wilmar Alvarado"],"articleSection":["Espa\u00f1ol"],"inLanguage":"en-US"},{"@type":"WebPage","@id":"https:\/\/www.patutkd.org\/en\/open-de-costa-rica-cumple-15-anos-promoviendo-el-desarrollo-del-taekwondo-panamericano\/","url":"https:\/\/www.patutkd.org\/en\/open-de-costa-rica-cumple-15-anos-promoviendo-el-desarrollo-del-taekwondo-panamericano\/","name":"Open de Costa Rica cumple 15 a\u00f1os promoviendo el desarrollo del taekwondo panamericano - PATU | Pan American Taekwondo Union","isPartOf":{"@id":"https:\/\/www.patutkd.org\/#website"},"primaryImageOfPage":{"@id":"https:\/\/www.patutkd.org\/en\/open-de-costa-rica-cumple-15-anos-promoviendo-el-desarrollo-del-taekwondo-panamericano\/#primaryimage"},"image":{"@id":"https:\/\/www.patutkd.org\/en\/open-de-costa-rica-cumple-15-anos-promoviendo-el-desarrollo-del-taekwondo-panamericano\/#primaryimage"},"thumbnailUrl":"https:\/\/www.patutkd.org\/wp-content\/uploads\/2023\/06\/332673613_1254058392156875_6313749863766418401_n.webp.jpg","datePublished":"2023-06-13T13:11:43+00:00","dateModified":"2025-08-29T18:35:25+00:00","author":{"@id":"https:\/\/www.patutkd.org\/#\/schema\/person\/2dd5df8e67b5c8e99c15cc2a30e0944c"},"breadcrumb":{"@id":"https:\/\/www.patutkd.org\/en\/open-de-costa-rica-cumple-15-anos-promoviendo-el-desarrollo-del-taekwondo-panamericano\/#breadcrumb"},"inLanguage":"en-US","potentialAction":[{"@type":"ReadAction","target":["https:\/\/www.patutkd.org\/en\/open-de-costa-rica-cumple-15-anos-promoviendo-el-desarrollo-del-taekwondo-panamericano\/"]}]},{"@type":"ImageObject","inLanguage":"en-US","@id":"https:\/\/www.patutkd.org\/en\/open-de-costa-rica-cumple-15-anos-promoviendo-el-desarrollo-del-taekwondo-panamericano\/#primaryimage","url":"https:\/\/www.patutkd.org\/wp-content\/uploads\/2023\/06\/332673613_1254058392156875_6313749863766418401_n.webp.jpg","contentUrl":"https:\/\/www.patutkd.org\/wp-content\/uploads\/2023\/06\/332673613_1254058392156875_6313749863766418401_n.webp.jpg","width":1080,"height":720},{"@type":"BreadcrumbList","@id":"https:\/\/www.patutkd.org\/en\/open-de-costa-rica-cumple-15-anos-promoviendo-el-desarrollo-del-taekwondo-panamericano\/#breadcrumb","itemListElement":[{"@type":"ListItem","position":1,"name":"Inicio","item":"https:\/\/www.patutkd.org\/"},{"@type":"ListItem","position":2,"name":"Open de Costa Rica cumple 15 a\u00f1os promoviendo el desarrollo del taekwondo panamericano"}]},{"@type":"WebSite","@id":"https:\/\/www.patutkd.org\/#website","url":"https:\/\/www.patutkd.org\/","name":"PATU | Pan American Taekwondo Union","description":"","potentialAction":[{"@type":"SearchAction","target":{"@type":"EntryPoint","urlTemplate":"https:\/\/www.patutkd.org\/?s={search_term_string}"},"query-input":{"@type":"PropertyValueSpecification","valueRequired":true,"valueName":"search_term_string"}}],"inLanguage":"en-US"},{"@type":"Person","@id":"https:\/\/www.patutkd.org\/#\/schema\/person\/2dd5df8e67b5c8e99c15cc2a30e0944c","name":"administrador patutkd","image":{"@type":"ImageObject","inLanguage":"en-US","@id":"https:\/\/www.patutkd.org\/#\/schema\/person\/image\/","url":"https:\/\/secure.gravatar.com\/avatar\/e804420b29e5d0e18047e92c6d70c99f49295340ec61fde9685872e38df0a3ba?s=96&d=mm&r=g","contentUrl":"https:\/\/secure.gravatar.com\/avatar\/e804420b29e5d0e18047e92c6d70c99f49295340ec61fde9685872e38df0a3ba?s=96&d=mm&r=g","caption":"administrador patutkd"},"url":"https:\/\/www.patutkd.org\/en\/author\/patutkd\/"}]}},"_links":{"self":[{"href":"https:\/\/www.patutkd.org\/en\/wp-json\/wp\/v2\/posts\/10324","targetHints":{"allow":["GET"]}}],"collection":[{"href":"https:\/\/www.patutkd.org\/en\/wp-json\/wp\/v2\/posts"}],"about":[{"href":"https:\/\/www.patutkd.org\/en\/wp-json\/wp\/v2\/types\/post"}],"author":[{"embeddable":true,"href":"https:\/\/www.patutkd.org\/en\/wp-json\/wp\/v2\/users\/3"}],"replies":[{"embeddable":true,"href":"https:\/\/www.patutkd.org\/en\/wp-json\/wp\/v2\/comments?post=10324"}],"version-history":[{"count":1,"href":"https:\/\/www.patutkd.org\/en\/wp-json\/wp\/v2\/posts\/10324\/revisions"}],"predecessor-version":[{"id":10327,"href":"https:\/\/www.patutkd.org\/en\/wp-json\/wp\/v2\/posts\/10324\/revisions\/10327"}],"wp:featuredmedia":[{"embeddable":true,"href":"https:\/\/www.patutkd.org\/en\/wp-json\/wp\/v2\/media\/10325"}],"wp:attachment":[{"href":"https:\/\/www.patutkd.org\/en\/wp-json\/wp\/v2\/media?parent=10324"}],"wp:term":[{"taxonomy":"category","embeddable":true,"href":"https:\/\/www.patutkd.org\/en\/wp-json\/wp\/v2\/categories?post=10324"},{"taxonomy":"post_tag","embeddable":true,"href":"https:\/\/www.patutkd.org\/en\/wp-json\/wp\/v2\/tags?post=10324"}],"curies":[{"name":"wp","href":"https:\/\/api.w.org\/{rel}","templated":true}]}}